{"id":26880,"date":"2023-08-17T14:39:59","date_gmt":"2023-08-17T14:39:59","guid":{"rendered":"https:\/\/sneakerspirit.courir.com\/fr\/?p=26880"},"modified":"2023-08-18T14:42:35","modified_gmt":"2023-08-18T14:42:35","slug":"les-top-looks-vus-a-la-plage-cet-ete","status":"publish","type":"post","link":"https:\/\/sneakerspirit.courir.com\/fr\/les-top-looks-vus-a-la-plage-cet-ete\/","title":{"rendered":"<strong>Les top looks vus \u00e0 la plage cet \u00e9t\u00e9<\/strong>"},"content":{"rendered":"\n<p>Cet \u00e9t\u00e9 sur la plage, c\u2019est clairement la maille et la paille qui l\u2019emportent. \ud83c\udfd6\ufe0f<\/p>\n\n\n\n<p><a href=\"https:\/\/www.instagram.com\/nabilla\/\">@nabilla<\/a>\u00a0donne le ton avec son top vert en crochet\u00a0<a href=\"https:\/\/www.instagram.com\/prada\/\">@prada<\/a> pour cacher le haut&#8230; On adore le style beachy-chic de l\u2019influenceuse et son sac multicolore\u00a0<a href=\"https:\/\/www.instagram.com\/miumiu\/\">@miumiu<\/a>.\u00a0<\/p>\n\n\n\n<p>On a aim\u00e9 aussi le style plus sobre et l\u2019aura estivale flamboyante propos\u00e9e par&nbsp;<a href=\"https:\/\/www.instagram.com\/estherjunelife\/\">@estherjunelife<\/a>&nbsp;dans sa robe blanche \u00e9l\u00e9gante. \u00c9videmment, son sac&nbsp;<a href=\"https:\/\/www.instagram.com\/celine\/\">@celine<\/a>&nbsp;en paille et son chapeau assorti ainsi que ses iconiques claquettes Oran de chez&nbsp;<a href=\"https:\/\/www.instagram.com\/hermes\/\">@hermes<\/a>&nbsp;nous font de l&rsquo;\u0153il\u2026&nbsp;<\/p>\n\n\n\n<p>De la maille encore avec&nbsp;<a href=\"https:\/\/www.instagram.com\/hehejihee\/\">@hehejihee<\/a>&nbsp;mais pour cacher le bas, cette fois. Un bob&nbsp;<a href=\"https:\/\/www.instagram.com\/dior\/\">@dior<\/a>&nbsp;pour se prot\u00e9ger du soleil et un sac&nbsp;<a href=\"https:\/\/www.instagram.com\/loewe\/\">@loewe<\/a>&nbsp;(toujours en paille) pour contenir tous les indispensables \u00e0 la plage. On valide.&nbsp;<\/p>\n\n\n\n<p>Rep\u00e9r\u00e9e aussi, une&nbsp;<a href=\"https:\/\/www.instagram.com\/lidianebezerraa\/\">@lidianebezerraa<\/a>&nbsp;\u00e9clatante dans sa robe multicolore (devinez quoi\u2026 en maille !). En mode bandana, lunettes de soleil&nbsp;<a href=\"https:\/\/www.instagram.com\/celine\/\">@celine<\/a>&nbsp;et sac Neverfull de&nbsp;<a href=\"https:\/\/www.instagram.com\/louisvuitton\/\">@louisvuitton<\/a>.. Elle a aussi os\u00e9 les&nbsp;<a href=\"https:\/\/www.instagram.com\/crocs\/\">@crocs<\/a>&nbsp;\u00e0 plateforme\u2026 Et vous savez quoi, on valide aussi. \ud83d\ude0e<\/p>\n\n\n\n<p><a href=\"https:\/\/www.instagram.com\/celine\/\">@celine<\/a>\u00a0encore pour les lunettes port\u00e9es par\u00a0<a href=\"https:\/\/www.instagram.com\/ooliviamiller\/\">@ooliviamiller<\/a> (d\u00e9cid\u00e9ment !) et un ensemble chemise et short en lin\u00a0<a href=\"https:\/\/www.instagram.com\/cosstores\/\">@cosstores<\/a>. Pour le sac, pas de surprise, le panier\u00a0<a href=\"https:\/\/www.instagram.com\/loewe\/\">@loewe<\/a> reste la vedette. Un outfit d\u00e9contract\u00e9 chic qu\u2019on veut \u00e9galement copier\u2026\u00a0<\/p>\n\n\n\n<p>Mais on l\u2019avoue, on ne pourra pas suivre les tendances faute de PEL suffisamment rempli\u2026\u00a0<\/p>\n\n\n<blockquote class=\"instagram-media\" style=\"background: #FFF; border: 0; border-radius: 3px; box-shadow: 0 0 1px 0 rgba(0,0,0,0.5),0 1px 10px 0 rgba(0,0,0,0.15); margin: 1px; max-width: 540px; min-width: 326px; padding: 0; width: calc(100% - 2px);\" data-instgrm-permalink=\"https:\/\/www.instagram.com\/p\/CwDPJ0zI8L6\/?utm_source=ig_embed&amp;utm_campaign=loading\" data-instgrm-version=\"14\">\n<div style=\"padding: 16px;\">\n<div style=\"display: flex; flex-direction: row; align-items: center;\">\n<div style=\"background-color: #f4f4f4; border-radius: 50%; flex-grow: 0; height: 40px; margin-right: 14px; width: 40px;\">\u00a0<\/div>\n<div style=\"display: flex; flex-direction: column; flex-grow: 1; justify-content: center;\">\n<div style=\"background-color: #f4f4f4; border-radius: 4px; flex-grow: 0; height: 14px; margin-bottom: 6px; width: 100px;\">\u00a0<\/div>\n<div style=\"background-color: #f4f4f4; border-radius: 4px; flex-grow: 0; height: 14px; width: 60px;\">\u00a0<\/div>\n<\/div>\n<\/div>\n<div style=\"padding: 19% 0;\">\u00a0<\/div>\n<div style=\"display: block; height: 50px; margin: 0 auto 12px; width: 50px;\">\u00a0<\/div>\n<div style=\"padding-top: 8px;\">\n<div style=\"color: #3897f0; font-family: Arial,sans-serif; font-size: 14px; font-style: normal; font-weight: 550; line-height: 18px;\">Voir cette publication sur Instagram<\/div>\n<\/div>\n<div style=\"padding: 12.5% 0;\">\u00a0<\/div>\n<div style=\"display: flex; flex-direction: row; margin-bottom: 14px; align-items: center;\">\n<div>\n<div style=\"background-color: #f4f4f4; border-radius: 50%; height: 12.5px; width: 12.5px; transform: translateX(0px) translateY(7px);\">\u00a0<\/div>\n<div style=\"background-color: #f4f4f4; height: 12.5px; transform: rotate(-45deg) translateX(3px) translateY(1px); width: 12.5px; flex-grow: 0; margin-right: 14px; margin-left: 2px;\">\u00a0<\/div>\n<div style=\"background-color: #f4f4f4; border-radius: 50%; height: 12.5px; width: 12.5px; transform: translateX(9px) translateY(-18px);\">\u00a0<\/div>\n<\/div>\n<div style=\"margin-left: 8px;\">\n<div style=\"background-color: #f4f4f4; border-radius: 50%; flex-grow: 0; height: 20px; width: 20px;\">\u00a0<\/div>\n<div style=\"width: 0; height: 0; border-top: 2px solid transparent; border-left: 6px solid #f4f4f4; border-bottom: 2px solid transparent; transform: translateX(16px) translateY(-4px) rotate(30deg);\">\u00a0<\/div>\n<\/div>\n<div style=\"margin-left: auto;\">\n<div style=\"width: 0px; border-top: 8px solid #F4F4F4; border-right: 8px solid transparent; transform: translateY(16px);\">\u00a0<\/div>\n<div style=\"background-color: #f4f4f4; flex-grow: 0; height: 12px; width: 16px; transform: translateY(-4px);\">\u00a0<\/div>\n<div style=\"width: 0; height: 0; border-top: 8px solid #F4F4F4; border-left: 8px solid transparent; transform: translateY(-4px) translateX(8px);\">\u00a0<\/div>\n<\/div>\n<\/div>\n<div style=\"display: flex; flex-direction: column; flex-grow: 1; justify-content: center; margin-bottom: 24px;\">\n<div style=\"background-color: #f4f4f4; border-radius: 4px; flex-grow: 0; height: 14px; margin-bottom: 6px; width: 224px;\">\u00a0<\/div>\n<div style=\"background-color: #f4f4f4; border-radius: 4px; flex-grow: 0; height: 14px; width: 144px;\">\u00a0<\/div>\n<\/div>\n<p style=\"color: #c9c8cd; font-family: Arial,sans-serif; font-size: 14px; line-height: 17px; margin-bottom: 0; margin-top: 8px; overflow: hidden; padding: 8px 0 7px; text-align: center; text-overflow: ellipsis; white-space: nowrap;\"><a style=\"color: #c9c8cd; font-family: Arial,sans-serif; font-size: 14px; font-style: normal; font-weight: normal; line-height: 17px; text-decoration: none;\" href=\"https:\/\/www.instagram.com\/p\/CwDPJ0zI8L6\/?utm_source=ig_embed&amp;utm_campaign=loading\" target=\"_blank\" rel=\"noopener\">Une publication partag\u00e9e par Sneaker Spirit (@sneakerspirit_)<\/a><\/p>\n<\/div>\n<\/blockquote>\n<p><script async=\"\" src=\"\/\/www.instagram.com\/embed.js\"><\/script><\/p>","protected":false},"excerpt":{"rendered":"<p>Cet \u00e9t\u00e9 sur la plage, c\u2019est clairement la maille et la paille qui l\u2019emportent. \ud83c\udfd6\ufe0f @nabilla\u00a0donne le ton avec son top vert en crochet\u00a0@prada pour cacher le haut&#8230; On adore le style beachy-chic de l\u2019influenceuse et son sac multicolore\u00a0@miumiu.\u00a0 On a aim\u00e9 aussi le style plus sobre et l\u2019aura estivale flamboyante propos\u00e9e par&nbsp;@estherjunelife&nbsp;dans sa robe [&hellip;]<\/p>\n","protected":false},"author":8,"featured_media":26883,"comment_status":"closed","ping_status":"closed","sticky":false,"template":"","format":"standard","meta":{"_et_pb_use_builder":"off","_et_pb_old_content":"","_et_gb_content_width":"","footnotes":""},"categories":[4058],"tags":[],"class_list":["post-26880","post","type-post","status-publish","format-standard","has-post-thumbnail","hentry","category-style","et-has-post-format-content","et_post_format-et-post-format-standard"],"yoast_head":"<!-- This site is optimized with the Yoast SEO plugin v27.3 - https:\/\/yoast.com\/product\/yoast-seo-wordpress\/ -->\n<title>Les top looks vus \u00e0 la plage cet \u00e9t\u00e9 - Sneaker Spirit<\/title>\n<meta name=\"robots\" content=\"index, follow, max-snippet:-1, max-image-preview:large, max-video-preview:-1\" \/>\n<link rel=\"canonical\" href=\"https:\/\/sneakerspirit.courir.com\/fr\/les-top-looks-vus-a-la-plage-cet-ete\/\" \/>\n<meta property=\"og:locale\" content=\"fr_FR\" \/>\n<meta property=\"og:type\" content=\"article\" \/>\n<meta property=\"og:title\" content=\"Les top looks vus \u00e0 la plage cet \u00e9t\u00e9 - Sneaker Spirit\" \/>\n<meta property=\"og:description\" content=\"Cet \u00e9t\u00e9 sur la plage, c\u2019est clairement la maille et la paille qui l\u2019emportent. \ud83c\udfd6\ufe0f @nabilla\u00a0donne le ton avec son top vert en crochet\u00a0@prada pour cacher le haut&#8230; On adore le style beachy-chic de l\u2019influenceuse et son sac multicolore\u00a0@miumiu.\u00a0 On a aim\u00e9 aussi le style plus sobre et l\u2019aura estivale flamboyante propos\u00e9e par&nbsp;@estherjunelife&nbsp;dans sa robe [&hellip;]\" \/>\n<meta property=\"og:url\" content=\"https:\/\/sneakerspirit.courir.com\/fr\/les-top-looks-vus-a-la-plage-cet-ete\/\" \/>\n<meta property=\"og:site_name\" content=\"Sneaker Spirit\" \/>\n<meta property=\"article:published_time\" content=\"2023-08-17T14:39:59+00:00\" \/>\n<meta property=\"article:modified_time\" content=\"2023-08-18T14:42:35+00:00\" \/>\n<meta property=\"og:image\" content=\"https:\/\/sneakerspirit.courir.com\/fr\/wp-content\/uploads\/sites\/3\/2023\/08\/My-project-1-2-1.png\" \/>\n\t<meta property=\"og:image:width\" content=\"1200\" \/>\n\t<meta property=\"og:image:height\" content=\"600\" \/>\n\t<meta property=\"og:image:type\" content=\"image\/png\" \/>\n<meta name=\"twitter:card\" content=\"summary_large_image\" \/>\n<meta name=\"twitter:label1\" content=\"\u00c9crit par\" \/>\n\t<meta name=\"twitter:data1\" content=\"\" \/>\n\t<meta name=\"twitter:label2\" content=\"Dur\u00e9e de lecture estim\u00e9e\" \/>\n\t<meta name=\"twitter:data2\" content=\"2 minutes\" \/>\n<script type=\"application\/ld+json\" class=\"yoast-schema-graph\">{\"@context\":\"https:\\\/\\\/schema.org\",\"@graph\":[{\"@type\":\"NewsArticle\",\"@id\":\"https:\\\/\\\/sneakerspirit.courir.com\\\/fr\\\/les-top-looks-vus-a-la-plage-cet-ete\\\/#article\",\"isPartOf\":{\"@id\":\"https:\\\/\\\/sneakerspirit.courir.com\\\/fr\\\/les-top-looks-vus-a-la-plage-cet-ete\\\/\"},\"author\":{\"name\":\"\",\"@id\":\"\"},\"headline\":\"Les top looks vus \u00e0 la plage cet \u00e9t\u00e9\",\"datePublished\":\"2023-08-17T14:39:59+00:00\",\"dateModified\":\"2023-08-18T14:42:35+00:00\",\"mainEntityOfPage\":{\"@id\":\"https:\\\/\\\/sneakerspirit.courir.com\\\/fr\\\/les-top-looks-vus-a-la-plage-cet-ete\\\/\"},\"wordCount\":271,\"publisher\":{\"@id\":\"https:\\\/\\\/sneakerspirit.courir.com\\\/fr\\\/#organization\"},\"image\":{\"@id\":\"https:\\\/\\\/sneakerspirit.courir.com\\\/fr\\\/les-top-looks-vus-a-la-plage-cet-ete\\\/#primaryimage\"},\"thumbnailUrl\":\"https:\\\/\\\/sneakerspirit.courir.com\\\/fr\\\/wp-content\\\/uploads\\\/sites\\\/3\\\/2023\\\/08\\\/My-project-1-2-1.png\",\"articleSection\":[\"Style\"],\"inLanguage\":\"fr-FR\"},{\"@type\":\"WebPage\",\"@id\":\"https:\\\/\\\/sneakerspirit.courir.com\\\/fr\\\/les-top-looks-vus-a-la-plage-cet-ete\\\/\",\"url\":\"https:\\\/\\\/sneakerspirit.courir.com\\\/fr\\\/les-top-looks-vus-a-la-plage-cet-ete\\\/\",\"name\":\"Les top looks vus \u00e0 la plage cet \u00e9t\u00e9 - Sneaker Spirit\",\"isPartOf\":{\"@id\":\"https:\\\/\\\/sneakerspirit.courir.com\\\/fr\\\/#website\"},\"primaryImageOfPage\":{\"@id\":\"https:\\\/\\\/sneakerspirit.courir.com\\\/fr\\\/les-top-looks-vus-a-la-plage-cet-ete\\\/#primaryimage\"},\"image\":{\"@id\":\"https:\\\/\\\/sneakerspirit.courir.com\\\/fr\\\/les-top-looks-vus-a-la-plage-cet-ete\\\/#primaryimage\"},\"thumbnailUrl\":\"https:\\\/\\\/sneakerspirit.courir.com\\\/fr\\\/wp-content\\\/uploads\\\/sites\\\/3\\\/2023\\\/08\\\/My-project-1-2-1.png\",\"datePublished\":\"2023-08-17T14:39:59+00:00\",\"dateModified\":\"2023-08-18T14:42:35+00:00\",\"breadcrumb\":{\"@id\":\"https:\\\/\\\/sneakerspirit.courir.com\\\/fr\\\/les-top-looks-vus-a-la-plage-cet-ete\\\/#breadcrumb\"},\"inLanguage\":\"fr-FR\",\"potentialAction\":[{\"@type\":\"ReadAction\",\"target\":[\"https:\\\/\\\/sneakerspirit.courir.com\\\/fr\\\/les-top-looks-vus-a-la-plage-cet-ete\\\/\"]}]},{\"@type\":\"ImageObject\",\"inLanguage\":\"fr-FR\",\"@id\":\"https:\\\/\\\/sneakerspirit.courir.com\\\/fr\\\/les-top-looks-vus-a-la-plage-cet-ete\\\/#primaryimage\",\"url\":\"https:\\\/\\\/sneakerspirit.courir.com\\\/fr\\\/wp-content\\\/uploads\\\/sites\\\/3\\\/2023\\\/08\\\/My-project-1-2-1.png\",\"contentUrl\":\"https:\\\/\\\/sneakerspirit.courir.com\\\/fr\\\/wp-content\\\/uploads\\\/sites\\\/3\\\/2023\\\/08\\\/My-project-1-2-1.png\",\"width\":1200,\"height\":600},{\"@type\":\"BreadcrumbList\",\"@id\":\"https:\\\/\\\/sneakerspirit.courir.com\\\/fr\\\/les-top-looks-vus-a-la-plage-cet-ete\\\/#breadcrumb\",\"itemListElement\":[{\"@type\":\"ListItem\",\"position\":1,\"name\":\"Accueil\",\"item\":\"https:\\\/\\\/sneakerspirit.courir.com\\\/fr\\\/\"},{\"@type\":\"ListItem\",\"position\":2,\"name\":\"Fashion\",\"item\":\"https:\\\/\\\/sneakerspirit.courir.com\\\/fr\\\/category\\\/fashion\\\/\"},{\"@type\":\"ListItem\",\"position\":3,\"name\":\"Les top looks vus \u00e0 la plage cet \u00e9t\u00e9\"}]},{\"@type\":\"WebSite\",\"@id\":\"https:\\\/\\\/sneakerspirit.courir.com\\\/fr\\\/#website\",\"url\":\"https:\\\/\\\/sneakerspirit.courir.com\\\/fr\\\/\",\"name\":\"Sneaker Spirit\",\"description\":\"Culture Starts Here\",\"publisher\":{\"@id\":\"https:\\\/\\\/sneakerspirit.courir.com\\\/fr\\\/#organization\"},\"potentialAction\":[{\"@type\":\"SearchAction\",\"target\":{\"@type\":\"EntryPoint\",\"urlTemplate\":\"https:\\\/\\\/sneakerspirit.courir.com\\\/fr\\\/?s={search_term_string}\"},\"query-input\":{\"@type\":\"PropertyValueSpecification\",\"valueRequired\":true,\"valueName\":\"search_term_string\"}}],\"inLanguage\":\"fr-FR\"},{\"@type\":\"Organization\",\"@id\":\"https:\\\/\\\/sneakerspirit.courir.com\\\/fr\\\/#organization\",\"name\":\"Sneaker Spirit\",\"url\":\"https:\\\/\\\/sneakerspirit.courir.com\\\/fr\\\/\",\"logo\":{\"@type\":\"ImageObject\",\"inLanguage\":\"fr-FR\",\"@id\":\"https:\\\/\\\/sneakerspirit.courir.com\\\/fr\\\/#\\\/schema\\\/logo\\\/image\\\/\",\"url\":\"https:\\\/\\\/i0.wp.com\\\/sneakerspirit.courir.com\\\/fr\\\/wp-content\\\/uploads\\\/sites\\\/3\\\/2019\\\/10\\\/sneaker-spirit-logo-baseline-v2.png?fit=1200%2C521&ssl=1\",\"contentUrl\":\"https:\\\/\\\/i0.wp.com\\\/sneakerspirit.courir.com\\\/fr\\\/wp-content\\\/uploads\\\/sites\\\/3\\\/2019\\\/10\\\/sneaker-spirit-logo-baseline-v2.png?fit=1200%2C521&ssl=1\",\"width\":1200,\"height\":521,\"caption\":\"Sneaker Spirit\"},\"image\":{\"@id\":\"https:\\\/\\\/sneakerspirit.courir.com\\\/fr\\\/#\\\/schema\\\/logo\\\/image\\\/\"}},{\"@type\":\"Person\",\"@id\":\"\"}]}<\/script>\n<!-- \/ Yoast SEO plugin. -->","yoast_head_json":{"title":"Les top looks vus \u00e0 la plage cet \u00e9t\u00e9 - Sneaker Spirit","robots":{"index":"index","follow":"follow","max-snippet":"max-snippet:-1","max-image-preview":"max-image-preview:large","max-video-preview":"max-video-preview:-1"},"canonical":"https:\/\/sneakerspirit.courir.com\/fr\/les-top-looks-vus-a-la-plage-cet-ete\/","og_locale":"fr_FR","og_type":"article","og_title":"Les top looks vus \u00e0 la plage cet \u00e9t\u00e9 - Sneaker Spirit","og_description":"Cet \u00e9t\u00e9 sur la plage, c\u2019est clairement la maille et la paille qui l\u2019emportent. \ud83c\udfd6\ufe0f @nabilla\u00a0donne le ton avec son top vert en crochet\u00a0@prada pour cacher le haut&#8230; On adore le style beachy-chic de l\u2019influenceuse et son sac multicolore\u00a0@miumiu.\u00a0 On a aim\u00e9 aussi le style plus sobre et l\u2019aura estivale flamboyante propos\u00e9e par&nbsp;@estherjunelife&nbsp;dans sa robe [&hellip;]","og_url":"https:\/\/sneakerspirit.courir.com\/fr\/les-top-looks-vus-a-la-plage-cet-ete\/","og_site_name":"Sneaker Spirit","article_published_time":"2023-08-17T14:39:59+00:00","article_modified_time":"2023-08-18T14:42:35+00:00","og_image":[{"width":1200,"height":600,"url":"https:\/\/sneakerspirit.courir.com\/fr\/wp-content\/uploads\/sites\/3\/2023\/08\/My-project-1-2-1.png","type":"image\/png"}],"twitter_card":"summary_large_image","twitter_misc":{"\u00c9crit par":"","Dur\u00e9e de lecture estim\u00e9e":"2 minutes"},"schema":{"@context":"https:\/\/schema.org","@graph":[{"@type":"NewsArticle","@id":"https:\/\/sneakerspirit.courir.com\/fr\/les-top-looks-vus-a-la-plage-cet-ete\/#article","isPartOf":{"@id":"https:\/\/sneakerspirit.courir.com\/fr\/les-top-looks-vus-a-la-plage-cet-ete\/"},"author":{"name":"","@id":""},"headline":"Les top looks vus \u00e0 la plage cet \u00e9t\u00e9","datePublished":"2023-08-17T14:39:59+00:00","dateModified":"2023-08-18T14:42:35+00:00","mainEntityOfPage":{"@id":"https:\/\/sneakerspirit.courir.com\/fr\/les-top-looks-vus-a-la-plage-cet-ete\/"},"wordCount":271,"publisher":{"@id":"https:\/\/sneakerspirit.courir.com\/fr\/#organization"},"image":{"@id":"https:\/\/sneakerspirit.courir.com\/fr\/les-top-looks-vus-a-la-plage-cet-ete\/#primaryimage"},"thumbnailUrl":"https:\/\/sneakerspirit.courir.com\/fr\/wp-content\/uploads\/sites\/3\/2023\/08\/My-project-1-2-1.png","articleSection":["Style"],"inLanguage":"fr-FR"},{"@type":"WebPage","@id":"https:\/\/sneakerspirit.courir.com\/fr\/les-top-looks-vus-a-la-plage-cet-ete\/","url":"https:\/\/sneakerspirit.courir.com\/fr\/les-top-looks-vus-a-la-plage-cet-ete\/","name":"Les top looks vus \u00e0 la plage cet \u00e9t\u00e9 - Sneaker Spirit","isPartOf":{"@id":"https:\/\/sneakerspirit.courir.com\/fr\/#website"},"primaryImageOfPage":{"@id":"https:\/\/sneakerspirit.courir.com\/fr\/les-top-looks-vus-a-la-plage-cet-ete\/#primaryimage"},"image":{"@id":"https:\/\/sneakerspirit.courir.com\/fr\/les-top-looks-vus-a-la-plage-cet-ete\/#primaryimage"},"thumbnailUrl":"https:\/\/sneakerspirit.courir.com\/fr\/wp-content\/uploads\/sites\/3\/2023\/08\/My-project-1-2-1.png","datePublished":"2023-08-17T14:39:59+00:00","dateModified":"2023-08-18T14:42:35+00:00","breadcrumb":{"@id":"https:\/\/sneakerspirit.courir.com\/fr\/les-top-looks-vus-a-la-plage-cet-ete\/#breadcrumb"},"inLanguage":"fr-FR","potentialAction":[{"@type":"ReadAction","target":["https:\/\/sneakerspirit.courir.com\/fr\/les-top-looks-vus-a-la-plage-cet-ete\/"]}]},{"@type":"ImageObject","inLanguage":"fr-FR","@id":"https:\/\/sneakerspirit.courir.com\/fr\/les-top-looks-vus-a-la-plage-cet-ete\/#primaryimage","url":"https:\/\/sneakerspirit.courir.com\/fr\/wp-content\/uploads\/sites\/3\/2023\/08\/My-project-1-2-1.png","contentUrl":"https:\/\/sneakerspirit.courir.com\/fr\/wp-content\/uploads\/sites\/3\/2023\/08\/My-project-1-2-1.png","width":1200,"height":600},{"@type":"BreadcrumbList","@id":"https:\/\/sneakerspirit.courir.com\/fr\/les-top-looks-vus-a-la-plage-cet-ete\/#breadcrumb","itemListElement":[{"@type":"ListItem","position":1,"name":"Accueil","item":"https:\/\/sneakerspirit.courir.com\/fr\/"},{"@type":"ListItem","position":2,"name":"Fashion","item":"https:\/\/sneakerspirit.courir.com\/fr\/category\/fashion\/"},{"@type":"ListItem","position":3,"name":"Les top looks vus \u00e0 la plage cet \u00e9t\u00e9"}]},{"@type":"WebSite","@id":"https:\/\/sneakerspirit.courir.com\/fr\/#website","url":"https:\/\/sneakerspirit.courir.com\/fr\/","name":"Sneaker Spirit","description":"Culture Starts Here","publisher":{"@id":"https:\/\/sneakerspirit.courir.com\/fr\/#organization"},"potentialAction":[{"@type":"SearchAction","target":{"@type":"EntryPoint","urlTemplate":"https:\/\/sneakerspirit.courir.com\/fr\/?s={search_term_string}"},"query-input":{"@type":"PropertyValueSpecification","valueRequired":true,"valueName":"search_term_string"}}],"inLanguage":"fr-FR"},{"@type":"Organization","@id":"https:\/\/sneakerspirit.courir.com\/fr\/#organization","name":"Sneaker Spirit","url":"https:\/\/sneakerspirit.courir.com\/fr\/","logo":{"@type":"ImageObject","inLanguage":"fr-FR","@id":"https:\/\/sneakerspirit.courir.com\/fr\/#\/schema\/logo\/image\/","url":"https:\/\/i0.wp.com\/sneakerspirit.courir.com\/fr\/wp-content\/uploads\/sites\/3\/2019\/10\/sneaker-spirit-logo-baseline-v2.png?fit=1200%2C521&ssl=1","contentUrl":"https:\/\/i0.wp.com\/sneakerspirit.courir.com\/fr\/wp-content\/uploads\/sites\/3\/2019\/10\/sneaker-spirit-logo-baseline-v2.png?fit=1200%2C521&ssl=1","width":1200,"height":521,"caption":"Sneaker Spirit"},"image":{"@id":"https:\/\/sneakerspirit.courir.com\/fr\/#\/schema\/logo\/image\/"}},{"@type":"Person","@id":""}]}},"_links":{"self":[{"href":"https:\/\/sneakerspirit.courir.com\/fr\/wp-json\/wp\/v2\/posts\/26880","targetHints":{"allow":["GET"]}}],"collection":[{"href":"https:\/\/sneakerspirit.courir.com\/fr\/wp-json\/wp\/v2\/posts"}],"about":[{"href":"https:\/\/sneakerspirit.courir.com\/fr\/wp-json\/wp\/v2\/types\/post"}],"author":[{"embeddable":true,"href":"https:\/\/sneakerspirit.courir.com\/fr\/wp-json\/wp\/v2\/users\/8"}],"replies":[{"embeddable":true,"href":"https:\/\/sneakerspirit.courir.com\/fr\/wp-json\/wp\/v2\/comments?post=26880"}],"version-history":[{"count":4,"href":"https:\/\/sneakerspirit.courir.com\/fr\/wp-json\/wp\/v2\/posts\/26880\/revisions"}],"predecessor-version":[{"id":26897,"href":"https:\/\/sneakerspirit.courir.com\/fr\/wp-json\/wp\/v2\/posts\/26880\/revisions\/26897"}],"wp:featuredmedia":[{"embeddable":true,"href":"https:\/\/sneakerspirit.courir.com\/fr\/wp-json\/wp\/v2\/media\/26883"}],"wp:attachment":[{"href":"https:\/\/sneakerspirit.courir.com\/fr\/wp-json\/wp\/v2\/media?parent=26880"}],"wp:term":[{"taxonomy":"category","embeddable":true,"href":"https:\/\/sneakerspirit.courir.com\/fr\/wp-json\/wp\/v2\/categories?post=26880"},{"taxonomy":"post_tag","embeddable":true,"href":"https:\/\/sneakerspirit.courir.com\/fr\/wp-json\/wp\/v2\/tags?post=26880"}],"curies":[{"name":"wp","href":"https:\/\/api.w.org\/{rel}","templated":true}]}}