{"id":26889,"date":"2023-08-18T10:48:09","date_gmt":"2023-08-18T10:48:09","guid":{"rendered":"https:\/\/sneakerspirit.courir.com\/fr\/?p=26889"},"modified":"2023-08-21T10:55:59","modified_gmt":"2023-08-21T10:55:59","slug":"colors-by-pharrell-belles-durables","status":"publish","type":"post","link":"https:\/\/sneakerspirit.courir.com\/fr\/colors-by-pharrell-belles-durables\/","title":{"rendered":"Colors By @pharrell : belles &amp; durables"},"content":{"rendered":"\n<p>Trois nouveaux tons pour l\u2019automne, avec la collection Colors By&nbsp;<a href=\"https:\/\/www.instagram.com\/pharrell\/\">@pharrell<\/a>&nbsp;de&nbsp;<a href=\"https:\/\/www.instagram.com\/adidas\/\">@adidas<\/a>.\ud83c\udf42<\/p>\n\n\n\n<p>Le directeur artistique Homme de la maison&nbsp;<a href=\"https:\/\/www.instagram.com\/louisvuitton\/\">@louisvuitton<\/a> continue ses collaborations parall\u00e8les, dont sa tr\u00e8s ch\u00e8re gamme pour la marque allemande aux trois bandes. D\u2019abord d\u00e9voil\u00e9 au Samba Caf\u00e9, lieu \u00e9ph\u00e9m\u00e8re mis en place durant la Fashion Week parisienne, le mod\u00e8le de Samba Humanrace se d\u00e9cline donc en de nouveaux coloris monochromes pour la rentr\u00e9e. Cette fois moins pop, et plus adapt\u00e9s \u00e0 la saison fra\u00eeche, les paires Terracotta, Charcoal et White promettent de faire sensation. \u00c9videmment, on peut compter sur&nbsp;<a href=\"https:\/\/www.instagram.com\/pharrell\/\">@pharrell<\/a> pour promouvoir des mati\u00e8res pr\u00e9mium et durables &#8211; comme le cuir ECCO, c\u00e9l\u00e8bre pour sa responsabilit\u00e9 dans la sph\u00e8re mode. La collection est disponible depuis le 12 ao\u00fbt, et on ne peut que vous conseiller de vous jeter sur votre mod\u00e8le coup de c\u0153ur avant qu\u2019il ne soit en rupture de stock. \ud83d\udc5f<\/p>\n\n\n<blockquote class=\"instagram-media\" style=\"background: #FFF; border: 0; border-radius: 3px; box-shadow: 0 0 1px 0 rgba(0,0,0,0.5),0 1px 10px 0 rgba(0,0,0,0.15); margin: 1px; max-width: 540px; min-width: 326px; padding: 0; width: calc(100% - 2px);\" data-instgrm-permalink=\"https:\/\/www.instagram.com\/p\/CwFSuV6ouFR\/?utm_source=ig_embed&amp;utm_campaign=loading\" data-instgrm-version=\"14\">\n<div style=\"padding: 16px;\">\n<div style=\"display: flex; flex-direction: row; align-items: center;\">\n<div style=\"background-color: #f4f4f4; border-radius: 50%; flex-grow: 0; height: 40px; margin-right: 14px; width: 40px;\">&nbsp;<\/div>\n<div style=\"display: flex; flex-direction: column; flex-grow: 1; justify-content: center;\">\n<div style=\"background-color: #f4f4f4; border-radius: 4px; flex-grow: 0; height: 14px; margin-bottom: 6px; width: 100px;\">&nbsp;<\/div>\n<div style=\"background-color: #f4f4f4; border-radius: 4px; flex-grow: 0; height: 14px; width: 60px;\">&nbsp;<\/div>\n<\/div>\n<\/div>\n<div style=\"padding: 19% 0;\">&nbsp;<\/div>\n<div style=\"display: block; height: 50px; margin: 0 auto 12px; width: 50px;\">&nbsp;<\/div>\n<div style=\"padding-top: 8px;\">\n<div style=\"color: #3897f0; font-family: Arial,sans-serif; font-size: 14px; font-style: normal; font-weight: 550; line-height: 18px;\">Voir cette publication sur Instagram<\/div>\n<\/div>\n<div style=\"padding: 12.5% 0;\">&nbsp;<\/div>\n<div style=\"display: flex; flex-direction: row; margin-bottom: 14px; align-items: center;\">\n<div>\n<div style=\"background-color: #f4f4f4; border-radius: 50%; height: 12.5px; width: 12.5px; transform: translateX(0px) translateY(7px);\">&nbsp;<\/div>\n<div style=\"background-color: #f4f4f4; height: 12.5px; transform: rotate(-45deg) translateX(3px) translateY(1px); width: 12.5px; flex-grow: 0; margin-right: 14px; margin-left: 2px;\">&nbsp;<\/div>\n<div style=\"background-color: #f4f4f4; border-radius: 50%; height: 12.5px; width: 12.5px; transform: translateX(9px) translateY(-18px);\">&nbsp;<\/div>\n<\/div>\n<div style=\"margin-left: 8px;\">\n<div style=\"background-color: #f4f4f4; border-radius: 50%; flex-grow: 0; height: 20px; width: 20px;\">&nbsp;<\/div>\n<div style=\"width: 0; height: 0; border-top: 2px solid transparent; border-left: 6px solid #f4f4f4; border-bottom: 2px solid transparent; transform: translateX(16px) translateY(-4px) rotate(30deg);\">&nbsp;<\/div>\n<\/div>\n<div style=\"margin-left: auto;\">\n<div style=\"width: 0px; border-top: 8px solid #F4F4F4; border-right: 8px solid transparent; transform: translateY(16px);\">&nbsp;<\/div>\n<div style=\"background-color: #f4f4f4; flex-grow: 0; height: 12px; width: 16px; transform: translateY(-4px);\">&nbsp;<\/div>\n<div style=\"width: 0; height: 0; border-top: 8px solid #F4F4F4; border-left: 8px solid transparent; transform: translateY(-4px) translateX(8px);\">&nbsp;<\/div>\n<\/div>\n<\/div>\n<div style=\"display: flex; flex-direction: column; flex-grow: 1; justify-content: center; margin-bottom: 24px;\">\n<div style=\"background-color: #f4f4f4; border-radius: 4px; flex-grow: 0; height: 14px; margin-bottom: 6px; width: 224px;\">&nbsp;<\/div>\n<div style=\"background-color: #f4f4f4; border-radius: 4px; flex-grow: 0; height: 14px; width: 144px;\">&nbsp;<\/div>\n<\/div>\n<p style=\"color: #c9c8cd; font-family: Arial,sans-serif; font-size: 14px; line-height: 17px; margin-bottom: 0; margin-top: 8px; overflow: hidden; padding: 8px 0 7px; text-align: center; text-overflow: ellipsis; white-space: nowrap;\"><a style=\"color: #c9c8cd; font-family: Arial,sans-serif; font-size: 14px; font-style: normal; font-weight: normal; line-height: 17px; text-decoration: none;\" href=\"https:\/\/www.instagram.com\/p\/CwFSuV6ouFR\/?utm_source=ig_embed&amp;utm_campaign=loading\" target=\"_blank\" rel=\"noopener\">Une publication partag\u00e9e par Sneaker Spirit (@sneakerspirit_)<\/a><\/p>\n<\/div>\n<\/blockquote>\n<p><script async=\"\" src=\"\/\/www.instagram.com\/embed.js\"><\/script><\/p>","protected":false},"excerpt":{"rendered":"<p>Trois nouveaux tons pour l\u2019automne, avec la collection Colors By&nbsp;@pharrell&nbsp;de&nbsp;@adidas.\ud83c\udf42 Le directeur artistique Homme de la maison&nbsp;@louisvuitton continue ses collaborations parall\u00e8les, dont sa tr\u00e8s ch\u00e8re gamme pour la marque allemande aux trois bandes. D\u2019abord d\u00e9voil\u00e9 au Samba Caf\u00e9, lieu \u00e9ph\u00e9m\u00e8re mis en place durant la Fashion Week parisienne, le mod\u00e8le de Samba Humanrace se d\u00e9cline [&hellip;]<\/p>\n","protected":false},"author":8,"featured_media":26894,"comment_status":"closed","ping_status":"closed","sticky":false,"template":"","format":"standard","meta":{"_et_pb_use_builder":"off","_et_pb_old_content":"","_et_gb_content_width":"","footnotes":""},"categories":[4060],"tags":[],"class_list":["post-26889","post","type-post","status-publish","format-standard","has-post-thumbnail","hentry","category-brands","et-has-post-format-content","et_post_format-et-post-format-standard"],"yoast_head":"<!-- This site is optimized with the Yoast SEO plugin v27.3 - https:\/\/yoast.com\/product\/yoast-seo-wordpress\/ -->\n<title>Colors By @pharrell : belles &amp; durables - Sneaker Spirit<\/title>\n<meta name=\"robots\" content=\"index, follow, max-snippet:-1, max-image-preview:large, max-video-preview:-1\" \/>\n<link rel=\"canonical\" href=\"https:\/\/sneakerspirit.courir.com\/fr\/colors-by-pharrell-belles-durables\/\" \/>\n<meta property=\"og:locale\" content=\"fr_FR\" \/>\n<meta property=\"og:type\" content=\"article\" \/>\n<meta property=\"og:title\" content=\"Colors By @pharrell : belles &amp; durables - Sneaker Spirit\" \/>\n<meta property=\"og:description\" content=\"Trois nouveaux tons pour l\u2019automne, avec la collection Colors By&nbsp;@pharrell&nbsp;de&nbsp;@adidas.\ud83c\udf42 Le directeur artistique Homme de la maison&nbsp;@louisvuitton continue ses collaborations parall\u00e8les, dont sa tr\u00e8s ch\u00e8re gamme pour la marque allemande aux trois bandes. D\u2019abord d\u00e9voil\u00e9 au Samba Caf\u00e9, lieu \u00e9ph\u00e9m\u00e8re mis en place durant la Fashion Week parisienne, le mod\u00e8le de Samba Humanrace se d\u00e9cline [&hellip;]\" \/>\n<meta property=\"og:url\" content=\"https:\/\/sneakerspirit.courir.com\/fr\/colors-by-pharrell-belles-durables\/\" \/>\n<meta property=\"og:site_name\" content=\"Sneaker Spirit\" \/>\n<meta property=\"article:published_time\" content=\"2023-08-18T10:48:09+00:00\" \/>\n<meta property=\"article:modified_time\" content=\"2023-08-21T10:55:59+00:00\" \/>\n<meta property=\"og:image\" content=\"https:\/\/sneakerspirit.courir.com\/fr\/wp-content\/uploads\/sites\/3\/2023\/08\/My-project-1-5-2.png\" \/>\n\t<meta property=\"og:image:width\" content=\"1200\" \/>\n\t<meta property=\"og:image:height\" content=\"600\" \/>\n\t<meta property=\"og:image:type\" content=\"image\/png\" \/>\n<meta name=\"twitter:card\" content=\"summary_large_image\" \/>\n<meta name=\"twitter:label1\" content=\"\u00c9crit par\" \/>\n\t<meta name=\"twitter:data1\" content=\"\" \/>\n\t<meta name=\"twitter:label2\" content=\"Dur\u00e9e de lecture estim\u00e9e\" \/>\n\t<meta name=\"twitter:data2\" content=\"1 minute\" \/>\n<script type=\"application\/ld+json\" class=\"yoast-schema-graph\">{\"@context\":\"https:\\\/\\\/schema.org\",\"@graph\":[{\"@type\":\"NewsArticle\",\"@id\":\"https:\\\/\\\/sneakerspirit.courir.com\\\/fr\\\/colors-by-pharrell-belles-durables\\\/#article\",\"isPartOf\":{\"@id\":\"https:\\\/\\\/sneakerspirit.courir.com\\\/fr\\\/colors-by-pharrell-belles-durables\\\/\"},\"author\":{\"name\":\"\",\"@id\":\"\"},\"headline\":\"Colors By @pharrell : belles &amp; durables\",\"datePublished\":\"2023-08-18T10:48:09+00:00\",\"dateModified\":\"2023-08-21T10:55:59+00:00\",\"mainEntityOfPage\":{\"@id\":\"https:\\\/\\\/sneakerspirit.courir.com\\\/fr\\\/colors-by-pharrell-belles-durables\\\/\"},\"wordCount\":207,\"publisher\":{\"@id\":\"https:\\\/\\\/sneakerspirit.courir.com\\\/fr\\\/#organization\"},\"image\":{\"@id\":\"https:\\\/\\\/sneakerspirit.courir.com\\\/fr\\\/colors-by-pharrell-belles-durables\\\/#primaryimage\"},\"thumbnailUrl\":\"https:\\\/\\\/sneakerspirit.courir.com\\\/fr\\\/wp-content\\\/uploads\\\/sites\\\/3\\\/2023\\\/08\\\/My-project-1-5-2.png\",\"articleSection\":[\"Brands\"],\"inLanguage\":\"fr-FR\"},{\"@type\":\"WebPage\",\"@id\":\"https:\\\/\\\/sneakerspirit.courir.com\\\/fr\\\/colors-by-pharrell-belles-durables\\\/\",\"url\":\"https:\\\/\\\/sneakerspirit.courir.com\\\/fr\\\/colors-by-pharrell-belles-durables\\\/\",\"name\":\"Colors By @pharrell : belles &amp; durables - Sneaker Spirit\",\"isPartOf\":{\"@id\":\"https:\\\/\\\/sneakerspirit.courir.com\\\/fr\\\/#website\"},\"primaryImageOfPage\":{\"@id\":\"https:\\\/\\\/sneakerspirit.courir.com\\\/fr\\\/colors-by-pharrell-belles-durables\\\/#primaryimage\"},\"image\":{\"@id\":\"https:\\\/\\\/sneakerspirit.courir.com\\\/fr\\\/colors-by-pharrell-belles-durables\\\/#primaryimage\"},\"thumbnailUrl\":\"https:\\\/\\\/sneakerspirit.courir.com\\\/fr\\\/wp-content\\\/uploads\\\/sites\\\/3\\\/2023\\\/08\\\/My-project-1-5-2.png\",\"datePublished\":\"2023-08-18T10:48:09+00:00\",\"dateModified\":\"2023-08-21T10:55:59+00:00\",\"breadcrumb\":{\"@id\":\"https:\\\/\\\/sneakerspirit.courir.com\\\/fr\\\/colors-by-pharrell-belles-durables\\\/#breadcrumb\"},\"inLanguage\":\"fr-FR\",\"potentialAction\":[{\"@type\":\"ReadAction\",\"target\":[\"https:\\\/\\\/sneakerspirit.courir.com\\\/fr\\\/colors-by-pharrell-belles-durables\\\/\"]}]},{\"@type\":\"ImageObject\",\"inLanguage\":\"fr-FR\",\"@id\":\"https:\\\/\\\/sneakerspirit.courir.com\\\/fr\\\/colors-by-pharrell-belles-durables\\\/#primaryimage\",\"url\":\"https:\\\/\\\/sneakerspirit.courir.com\\\/fr\\\/wp-content\\\/uploads\\\/sites\\\/3\\\/2023\\\/08\\\/My-project-1-5-2.png\",\"contentUrl\":\"https:\\\/\\\/sneakerspirit.courir.com\\\/fr\\\/wp-content\\\/uploads\\\/sites\\\/3\\\/2023\\\/08\\\/My-project-1-5-2.png\",\"width\":1200,\"height\":600},{\"@type\":\"BreadcrumbList\",\"@id\":\"https:\\\/\\\/sneakerspirit.courir.com\\\/fr\\\/colors-by-pharrell-belles-durables\\\/#breadcrumb\",\"itemListElement\":[{\"@type\":\"ListItem\",\"position\":1,\"name\":\"Accueil\",\"item\":\"https:\\\/\\\/sneakerspirit.courir.com\\\/fr\\\/\"},{\"@type\":\"ListItem\",\"position\":2,\"name\":\"Footwear\",\"item\":\"https:\\\/\\\/sneakerspirit.courir.com\\\/fr\\\/category\\\/footwear\\\/\"},{\"@type\":\"ListItem\",\"position\":3,\"name\":\"Colors By @pharrell : belles &amp; durables\"}]},{\"@type\":\"WebSite\",\"@id\":\"https:\\\/\\\/sneakerspirit.courir.com\\\/fr\\\/#website\",\"url\":\"https:\\\/\\\/sneakerspirit.courir.com\\\/fr\\\/\",\"name\":\"Sneaker Spirit\",\"description\":\"Culture Starts Here\",\"publisher\":{\"@id\":\"https:\\\/\\\/sneakerspirit.courir.com\\\/fr\\\/#organization\"},\"potentialAction\":[{\"@type\":\"SearchAction\",\"target\":{\"@type\":\"EntryPoint\",\"urlTemplate\":\"https:\\\/\\\/sneakerspirit.courir.com\\\/fr\\\/?s={search_term_string}\"},\"query-input\":{\"@type\":\"PropertyValueSpecification\",\"valueRequired\":true,\"valueName\":\"search_term_string\"}}],\"inLanguage\":\"fr-FR\"},{\"@type\":\"Organization\",\"@id\":\"https:\\\/\\\/sneakerspirit.courir.com\\\/fr\\\/#organization\",\"name\":\"Sneaker Spirit\",\"url\":\"https:\\\/\\\/sneakerspirit.courir.com\\\/fr\\\/\",\"logo\":{\"@type\":\"ImageObject\",\"inLanguage\":\"fr-FR\",\"@id\":\"https:\\\/\\\/sneakerspirit.courir.com\\\/fr\\\/#\\\/schema\\\/logo\\\/image\\\/\",\"url\":\"https:\\\/\\\/i0.wp.com\\\/sneakerspirit.courir.com\\\/fr\\\/wp-content\\\/uploads\\\/sites\\\/3\\\/2019\\\/10\\\/sneaker-spirit-logo-baseline-v2.png?fit=1200%2C521&ssl=1\",\"contentUrl\":\"https:\\\/\\\/i0.wp.com\\\/sneakerspirit.courir.com\\\/fr\\\/wp-content\\\/uploads\\\/sites\\\/3\\\/2019\\\/10\\\/sneaker-spirit-logo-baseline-v2.png?fit=1200%2C521&ssl=1\",\"width\":1200,\"height\":521,\"caption\":\"Sneaker Spirit\"},\"image\":{\"@id\":\"https:\\\/\\\/sneakerspirit.courir.com\\\/fr\\\/#\\\/schema\\\/logo\\\/image\\\/\"}},{\"@type\":\"Person\",\"@id\":\"\"}]}<\/script>\n<!-- \/ Yoast SEO plugin. -->","yoast_head_json":{"title":"Colors By @pharrell : belles &amp; durables - Sneaker Spirit","robots":{"index":"index","follow":"follow","max-snippet":"max-snippet:-1","max-image-preview":"max-image-preview:large","max-video-preview":"max-video-preview:-1"},"canonical":"https:\/\/sneakerspirit.courir.com\/fr\/colors-by-pharrell-belles-durables\/","og_locale":"fr_FR","og_type":"article","og_title":"Colors By @pharrell : belles &amp; durables - Sneaker Spirit","og_description":"Trois nouveaux tons pour l\u2019automne, avec la collection Colors By&nbsp;@pharrell&nbsp;de&nbsp;@adidas.\ud83c\udf42 Le directeur artistique Homme de la maison&nbsp;@louisvuitton continue ses collaborations parall\u00e8les, dont sa tr\u00e8s ch\u00e8re gamme pour la marque allemande aux trois bandes. D\u2019abord d\u00e9voil\u00e9 au Samba Caf\u00e9, lieu \u00e9ph\u00e9m\u00e8re mis en place durant la Fashion Week parisienne, le mod\u00e8le de Samba Humanrace se d\u00e9cline [&hellip;]","og_url":"https:\/\/sneakerspirit.courir.com\/fr\/colors-by-pharrell-belles-durables\/","og_site_name":"Sneaker Spirit","article_published_time":"2023-08-18T10:48:09+00:00","article_modified_time":"2023-08-21T10:55:59+00:00","og_image":[{"width":1200,"height":600,"url":"https:\/\/sneakerspirit.courir.com\/fr\/wp-content\/uploads\/sites\/3\/2023\/08\/My-project-1-5-2.png","type":"image\/png"}],"twitter_card":"summary_large_image","twitter_misc":{"\u00c9crit par":"","Dur\u00e9e de lecture estim\u00e9e":"1 minute"},"schema":{"@context":"https:\/\/schema.org","@graph":[{"@type":"NewsArticle","@id":"https:\/\/sneakerspirit.courir.com\/fr\/colors-by-pharrell-belles-durables\/#article","isPartOf":{"@id":"https:\/\/sneakerspirit.courir.com\/fr\/colors-by-pharrell-belles-durables\/"},"author":{"name":"","@id":""},"headline":"Colors By @pharrell : belles &amp; durables","datePublished":"2023-08-18T10:48:09+00:00","dateModified":"2023-08-21T10:55:59+00:00","mainEntityOfPage":{"@id":"https:\/\/sneakerspirit.courir.com\/fr\/colors-by-pharrell-belles-durables\/"},"wordCount":207,"publisher":{"@id":"https:\/\/sneakerspirit.courir.com\/fr\/#organization"},"image":{"@id":"https:\/\/sneakerspirit.courir.com\/fr\/colors-by-pharrell-belles-durables\/#primaryimage"},"thumbnailUrl":"https:\/\/sneakerspirit.courir.com\/fr\/wp-content\/uploads\/sites\/3\/2023\/08\/My-project-1-5-2.png","articleSection":["Brands"],"inLanguage":"fr-FR"},{"@type":"WebPage","@id":"https:\/\/sneakerspirit.courir.com\/fr\/colors-by-pharrell-belles-durables\/","url":"https:\/\/sneakerspirit.courir.com\/fr\/colors-by-pharrell-belles-durables\/","name":"Colors By @pharrell : belles &amp; durables - Sneaker Spirit","isPartOf":{"@id":"https:\/\/sneakerspirit.courir.com\/fr\/#website"},"primaryImageOfPage":{"@id":"https:\/\/sneakerspirit.courir.com\/fr\/colors-by-pharrell-belles-durables\/#primaryimage"},"image":{"@id":"https:\/\/sneakerspirit.courir.com\/fr\/colors-by-pharrell-belles-durables\/#primaryimage"},"thumbnailUrl":"https:\/\/sneakerspirit.courir.com\/fr\/wp-content\/uploads\/sites\/3\/2023\/08\/My-project-1-5-2.png","datePublished":"2023-08-18T10:48:09+00:00","dateModified":"2023-08-21T10:55:59+00:00","breadcrumb":{"@id":"https:\/\/sneakerspirit.courir.com\/fr\/colors-by-pharrell-belles-durables\/#breadcrumb"},"inLanguage":"fr-FR","potentialAction":[{"@type":"ReadAction","target":["https:\/\/sneakerspirit.courir.com\/fr\/colors-by-pharrell-belles-durables\/"]}]},{"@type":"ImageObject","inLanguage":"fr-FR","@id":"https:\/\/sneakerspirit.courir.com\/fr\/colors-by-pharrell-belles-durables\/#primaryimage","url":"https:\/\/sneakerspirit.courir.com\/fr\/wp-content\/uploads\/sites\/3\/2023\/08\/My-project-1-5-2.png","contentUrl":"https:\/\/sneakerspirit.courir.com\/fr\/wp-content\/uploads\/sites\/3\/2023\/08\/My-project-1-5-2.png","width":1200,"height":600},{"@type":"BreadcrumbList","@id":"https:\/\/sneakerspirit.courir.com\/fr\/colors-by-pharrell-belles-durables\/#breadcrumb","itemListElement":[{"@type":"ListItem","position":1,"name":"Accueil","item":"https:\/\/sneakerspirit.courir.com\/fr\/"},{"@type":"ListItem","position":2,"name":"Footwear","item":"https:\/\/sneakerspirit.courir.com\/fr\/category\/footwear\/"},{"@type":"ListItem","position":3,"name":"Colors By @pharrell : belles &amp; durables"}]},{"@type":"WebSite","@id":"https:\/\/sneakerspirit.courir.com\/fr\/#website","url":"https:\/\/sneakerspirit.courir.com\/fr\/","name":"Sneaker Spirit","description":"Culture Starts Here","publisher":{"@id":"https:\/\/sneakerspirit.courir.com\/fr\/#organization"},"potentialAction":[{"@type":"SearchAction","target":{"@type":"EntryPoint","urlTemplate":"https:\/\/sneakerspirit.courir.com\/fr\/?s={search_term_string}"},"query-input":{"@type":"PropertyValueSpecification","valueRequired":true,"valueName":"search_term_string"}}],"inLanguage":"fr-FR"},{"@type":"Organization","@id":"https:\/\/sneakerspirit.courir.com\/fr\/#organization","name":"Sneaker Spirit","url":"https:\/\/sneakerspirit.courir.com\/fr\/","logo":{"@type":"ImageObject","inLanguage":"fr-FR","@id":"https:\/\/sneakerspirit.courir.com\/fr\/#\/schema\/logo\/image\/","url":"https:\/\/i0.wp.com\/sneakerspirit.courir.com\/fr\/wp-content\/uploads\/sites\/3\/2019\/10\/sneaker-spirit-logo-baseline-v2.png?fit=1200%2C521&ssl=1","contentUrl":"https:\/\/i0.wp.com\/sneakerspirit.courir.com\/fr\/wp-content\/uploads\/sites\/3\/2019\/10\/sneaker-spirit-logo-baseline-v2.png?fit=1200%2C521&ssl=1","width":1200,"height":521,"caption":"Sneaker Spirit"},"image":{"@id":"https:\/\/sneakerspirit.courir.com\/fr\/#\/schema\/logo\/image\/"}},{"@type":"Person","@id":""}]}},"_links":{"self":[{"href":"https:\/\/sneakerspirit.courir.com\/fr\/wp-json\/wp\/v2\/posts\/26889","targetHints":{"allow":["GET"]}}],"collection":[{"href":"https:\/\/sneakerspirit.courir.com\/fr\/wp-json\/wp\/v2\/posts"}],"about":[{"href":"https:\/\/sneakerspirit.courir.com\/fr\/wp-json\/wp\/v2\/types\/post"}],"author":[{"embeddable":true,"href":"https:\/\/sneakerspirit.courir.com\/fr\/wp-json\/wp\/v2\/users\/8"}],"replies":[{"embeddable":true,"href":"https:\/\/sneakerspirit.courir.com\/fr\/wp-json\/wp\/v2\/comments?post=26889"}],"version-history":[{"count":4,"href":"https:\/\/sneakerspirit.courir.com\/fr\/wp-json\/wp\/v2\/posts\/26889\/revisions"}],"predecessor-version":[{"id":26903,"href":"https:\/\/sneakerspirit.courir.com\/fr\/wp-json\/wp\/v2\/posts\/26889\/revisions\/26903"}],"wp:featuredmedia":[{"embeddable":true,"href":"https:\/\/sneakerspirit.courir.com\/fr\/wp-json\/wp\/v2\/media\/26894"}],"wp:attachment":[{"href":"https:\/\/sneakerspirit.courir.com\/fr\/wp-json\/wp\/v2\/media?parent=26889"}],"wp:term":[{"taxonomy":"category","embeddable":true,"href":"https:\/\/sneakerspirit.courir.com\/fr\/wp-json\/wp\/v2\/categories?post=26889"},{"taxonomy":"post_tag","embeddable":true,"href":"https:\/\/sneakerspirit.courir.com\/fr\/wp-json\/wp\/v2\/tags?post=26889"}],"curies":[{"name":"wp","href":"https:\/\/api.w.org\/{rel}","templated":true}]}}