{"id":32056,"date":"2025-06-05T12:45:10","date_gmt":"2025-06-05T12:45:10","guid":{"rendered":"https:\/\/sneakerspirit.courir.com\/fr\/?p=32056"},"modified":"2025-06-05T12:45:13","modified_gmt":"2025-06-05T12:45:13","slug":"slow-fashion-week-marseille-2025","status":"publish","type":"post","link":"https:\/\/sneakerspirit.courir.com\/fr\/slow-fashion-week-marseille-2025\/","title":{"rendered":"Marseille se met au vert avec sa premi\u00e8re Fashion Week"},"content":{"rendered":"\n<blockquote class=\"wp-block-quote is-layout-flow wp-block-quote-is-layout-flow\">\n<p><em>Du 7 au 14 juin, Marseille accueille sa premi\u00e8re Fashion Week responsable. L\u2019occasion parfaite de (re)d\u00e9couvrir la cit\u00e9 phoc\u00e9enne au rythme d\u2019\u00e9v\u00e9nements engag\u00e9s, de d\u00e9fil\u00e9s \u00e9co-responsables et de lieux embl\u00e9matiques transform\u00e9s pour l\u2019occasion.<\/em><\/p>\n<\/blockquote>\n\n\n\n<h2 class=\"wp-block-heading\"><strong>Premi\u00e8re Slow Fashion Week&nbsp;<\/strong><br><\/h2>\n\n\n\n<p>Pens\u00e9e comme une alternative aux Fashion Weeks traditionnelles, jug\u00e9es \u00e9litistes et polluantes, cette semaine de la mode marseillaise mise sur l\u2019inclusivit\u00e9, l\u2019innovation durable et la c\u00e9l\u00e9bration des cr\u00e9ateur.ice.s \u00e9mergent.e.s. Ici, <em>\u00ab tout le monde se conna\u00eet mais se moque d\u2019\u00eatre connu \u00bb <\/em>: l\u2019\u00e9nergie est collaborative, pas comp\u00e9titive.<\/p>\n\n\n\n<div class=\"wp-block-columns is-layout-flex wp-container-core-columns-is-layout-9d6595d7 wp-block-columns-is-layout-flex\">\n<div class=\"wp-block-column is-layout-flow wp-block-column-is-layout-flow\">\n<figure class=\"wp-block-gallery has-nested-images columns-default is-cropped wp-block-gallery-1 is-layout-flex wp-block-gallery-is-layout-flex\">\n<figure class=\"wp-block-image size-large\"><img loading=\"lazy\" decoding=\"async\" width=\"819\" height=\"1024\" data-id=\"32057\" src=\"https:\/\/sneakerspirit.courir.com\/fr\/wp-content\/uploads\/sites\/3\/2025\/06\/Affiche-2-SFW-819x1024.jpg\" alt=\"\" class=\"wp-image-32057\" srcset=\"https:\/\/sneakerspirit.courir.com\/fr\/wp-content\/uploads\/sites\/3\/2025\/06\/Affiche-2-SFW-819x1024.jpg 819w, https:\/\/sneakerspirit.courir.com\/fr\/wp-content\/uploads\/sites\/3\/2025\/06\/Affiche-2-SFW-240x300.jpg 240w, https:\/\/sneakerspirit.courir.com\/fr\/wp-content\/uploads\/sites\/3\/2025\/06\/Affiche-2-SFW-768x960.jpg 768w, https:\/\/sneakerspirit.courir.com\/fr\/wp-content\/uploads\/sites\/3\/2025\/06\/Affiche-2-SFW.jpg 1080w\" sizes=\"auto, (max-width: 819px) 100vw, 819px\" \/><\/figure>\n<\/figure>\n<\/div>\n\n\n\n<div class=\"wp-block-column is-layout-flow wp-block-column-is-layout-flow\">\n<figure class=\"wp-block-gallery has-nested-images columns-default is-cropped wp-block-gallery-2 is-layout-flex wp-block-gallery-is-layout-flex\">\n<figure class=\"wp-block-image size-large\"><img loading=\"lazy\" decoding=\"async\" width=\"819\" height=\"1024\" data-id=\"32058\" src=\"https:\/\/sneakerspirit.courir.com\/fr\/wp-content\/uploads\/sites\/3\/2025\/06\/Affiche-SFW-819x1024.jpg\" alt=\"\" class=\"wp-image-32058\" srcset=\"https:\/\/sneakerspirit.courir.com\/fr\/wp-content\/uploads\/sites\/3\/2025\/06\/Affiche-SFW-819x1024.jpg 819w, https:\/\/sneakerspirit.courir.com\/fr\/wp-content\/uploads\/sites\/3\/2025\/06\/Affiche-SFW-240x300.jpg 240w, https:\/\/sneakerspirit.courir.com\/fr\/wp-content\/uploads\/sites\/3\/2025\/06\/Affiche-SFW-768x960.jpg 768w, https:\/\/sneakerspirit.courir.com\/fr\/wp-content\/uploads\/sites\/3\/2025\/06\/Affiche-SFW.jpg 1080w\" sizes=\"auto, (max-width: 819px) 100vw, 819px\" \/><\/figure>\n<\/figure>\n<\/div>\n<\/div>\n\n\n\n<p><\/p>\n\n\n\n<p>Avec plus de <strong>trente \u00e9v\u00e9nements gratuits<\/strong> ouverts au public \u2014 ateliers, performances, d\u00e9fil\u00e9s, conf\u00e9rences et pop-ups \u2014 Marseille affiche clairement ses ambitions : devenir un <strong>hub m\u00e9diterran\u00e9en de la mode consciente<\/strong>. La Slow Fashion Week est port\u00e9e par <strong>BAGA<\/strong>, collectif marseillais qui f\u00e9d\u00e8re une centaine de marques, designers, stylistes, artisans et activistes de la mode circulaire. L\u2019objectif : <strong>apporter de la visibilit\u00e9 aux talents locaux<\/strong> tout en insufflant une dynamique durable dans le paysage mode fran\u00e7ais.<\/p>\n\n\n\n<h2 class=\"wp-block-heading\"><strong>7 jours pour (re)d\u00e9couvrir Marseille autrement&nbsp;<\/strong><br><\/h2>\n\n\n\n<p>S\u00e9lection de lieux et d\u2019\u00e9v\u00e9nements gratuits (pour la plupart) \u00e0 ne pas manquer :&nbsp;<\/p>\n\n\n\n<p>\u00c0 partir du samedi 7 juin, \u00e0 la Vielle Charit\u00e9 dans le quartier du Panier, un challenge autour de l\u2019upcycling avec des conf\u00e9rences puis la soir\u00e9e de lancement de cette semaine pas comme les autres organis\u00e9e par le collectif BAGA.&nbsp;<\/p>\n\n\n\n<p>Le dimanche, on prend de la hauteur pour le premier d\u00e9fil\u00e9 de cette premi\u00e8re \u00e9dition : <strong>Les Mains de Mamie<\/strong> au NHOW H\u00f4tel en bord de mer. Plus tard, dans la soir\u00e9e, c\u2019est le Clo\u00eetre St J\u00e9r\u00f4me qui accueillera le dernier d\u00e9fil\u00e9 du week-end, celui du collectif <strong>H\u00e9ritage<\/strong>.<\/p>\n\n\n\n<p>Lundi rendez-vous sur l\u2019embl\u00e9matique corniche Kennedy, avec vue panoramique sur la M\u00e9diterran\u00e9e, o\u00f9 <strong>Maison Cl\u00e9o <\/strong>organise le d\u00e9fil\u00e9 \u00ab&nbsp;La G\u00e2t\u00e9e&nbsp;\u00bb. De quoi respirer les embruns et d\u2019en prendre plein les mirettes. On quitte le bord de mer en longeant le port pour retrouver le chahut de La Canebi\u00e8re en direction du Palais Longchamp dans le quartier Cinq-Avenues. Derri\u00e8re ce monument n\u00e9o-classique, un jardin qui abritera exceptionnellement une performance de <strong>Jade Tekhil<\/strong>.<\/p>\n\n\n\n<div class=\"wp-block-columns is-layout-flex wp-container-core-columns-is-layout-9d6595d7 wp-block-columns-is-layout-flex\">\n<div class=\"wp-block-column is-layout-flow wp-block-column-is-layout-flow\">\n<figure class=\"wp-block-gallery has-nested-images columns-default is-cropped wp-block-gallery-3 is-layout-flex wp-block-gallery-is-layout-flex\">\n<figure class=\"wp-block-image size-large\"><img loading=\"lazy\" decoding=\"async\" width=\"819\" height=\"1024\" data-id=\"32060\" src=\"https:\/\/sneakerspirit.courir.com\/fr\/wp-content\/uploads\/sites\/3\/2025\/06\/Theolancelot-1--819x1024.jpg\" alt=\"\" class=\"wp-image-32060\" srcset=\"https:\/\/sneakerspirit.courir.com\/fr\/wp-content\/uploads\/sites\/3\/2025\/06\/Theolancelot-1--819x1024.jpg 819w, https:\/\/sneakerspirit.courir.com\/fr\/wp-content\/uploads\/sites\/3\/2025\/06\/Theolancelot-1--240x300.jpg 240w, https:\/\/sneakerspirit.courir.com\/fr\/wp-content\/uploads\/sites\/3\/2025\/06\/Theolancelot-1--768x960.jpg 768w, https:\/\/sneakerspirit.courir.com\/fr\/wp-content\/uploads\/sites\/3\/2025\/06\/Theolancelot-1-.jpg 1080w\" sizes=\"auto, (max-width: 819px) 100vw, 819px\" \/><\/figure>\n<\/figure>\n<\/div>\n\n\n\n<div class=\"wp-block-column is-layout-flow wp-block-column-is-layout-flow\">\n<figure class=\"wp-block-image size-large\"><img loading=\"lazy\" decoding=\"async\" width=\"819\" height=\"1024\" src=\"https:\/\/sneakerspirit.courir.com\/fr\/wp-content\/uploads\/sites\/3\/2025\/06\/Theolancelot3-819x1024.jpg\" alt=\"\" class=\"wp-image-32062\" srcset=\"https:\/\/sneakerspirit.courir.com\/fr\/wp-content\/uploads\/sites\/3\/2025\/06\/Theolancelot3-819x1024.jpg 819w, https:\/\/sneakerspirit.courir.com\/fr\/wp-content\/uploads\/sites\/3\/2025\/06\/Theolancelot3-240x300.jpg 240w, https:\/\/sneakerspirit.courir.com\/fr\/wp-content\/uploads\/sites\/3\/2025\/06\/Theolancelot3-768x960.jpg 768w, https:\/\/sneakerspirit.courir.com\/fr\/wp-content\/uploads\/sites\/3\/2025\/06\/Theolancelot3.jpg 1080w\" sizes=\"auto, (max-width: 819px) 100vw, 819px\" \/><figcaption class=\"wp-element-caption\">@theolancelot<\/figcaption><\/figure>\n<\/div>\n\n\n\n<div class=\"wp-block-column is-layout-flow wp-block-column-is-layout-flow\">\n<figure class=\"wp-block-image size-large\"><img loading=\"lazy\" decoding=\"async\" width=\"819\" height=\"1024\" src=\"https:\/\/sneakerspirit.courir.com\/fr\/wp-content\/uploads\/sites\/3\/2025\/06\/Theolancelot-2-819x1024.jpg\" alt=\"\" class=\"wp-image-32061\" srcset=\"https:\/\/sneakerspirit.courir.com\/fr\/wp-content\/uploads\/sites\/3\/2025\/06\/Theolancelot-2-819x1024.jpg 819w, https:\/\/sneakerspirit.courir.com\/fr\/wp-content\/uploads\/sites\/3\/2025\/06\/Theolancelot-2-240x300.jpg 240w, https:\/\/sneakerspirit.courir.com\/fr\/wp-content\/uploads\/sites\/3\/2025\/06\/Theolancelot-2-768x960.jpg 768w, https:\/\/sneakerspirit.courir.com\/fr\/wp-content\/uploads\/sites\/3\/2025\/06\/Theolancelot-2.jpg 1080w\" sizes=\"auto, (max-width: 819px) 100vw, 819px\" \/><\/figure>\n<\/div>\n<\/div>\n\n\n\n<p>Le 10 juin, on cr\u00e9e de ses propres mains cet incontournable de l\u2019\u00e9t\u00e9 \u2014 le par\u00e9o \u2014 avec <strong>Sal\u00e9<\/strong> chez <strong>Bowie<\/strong>, boutique vintage \u00e0 deux pas du Cours Julien, avant le d\u00e9fil\u00e9 de jeudi au <strong>Mucem<\/strong> en collaboration avec <strong>Studio Paillette<\/strong>.&nbsp;<\/p>\n\n\n\n<p>Mercredi, on embarque pour une journ\u00e9e d\u2019ateliers \u2014 il y en a trois au choix sur r\u00e9servation \u2014 avant de choisir une exposition \u00e0 aller d\u00e9couvrir. Chez Sneaker Spirit, on misera sur <strong>NOIR FLUO <\/strong>chez <strong>SCRATCH<\/strong> dans le 5\u00e8me arrondissement.&nbsp;<\/p>\n\n\n\n<p>Du 12 juin au 14 juin, <strong>Charlotte Denner<\/strong>, une des co-organisatrices de cette Slow Fashion Week, d\u00e9voilera ses cr\u00e9ations faites \u00e0 partir de kombucha.&nbsp;<\/p>\n\n\n\n<p>On fait la f\u00eate \u00e0 la <em>release<\/em> party de <strong>PURR<\/strong>, marque de maillots de bain, au Cabaret Al\u00e9atoire \u00e0 la Friche la Belle de mai, l\u2019occasion de d\u00e9couvrir ce lieu embl\u00e9matique qui m\u00eale culture, jardins partag\u00e9s, restaurants, boutiques \u2014 dont une librairie et le nouveau point de vente <strong>VEJA<\/strong>.&nbsp;<\/p>\n\n\n\n<p>Cette Slow Fashion Week est aussi une occasion d\u2019errer dans les rues de la cit\u00e9 phoc\u00e9enne pour d\u00e9nicher des p\u00e9pites de seconde-main dans la boutique <strong>DIGGER CLUB<\/strong>, au <strong>Maggy Marke<\/strong>t tout en se pr\u00eatant au jeu de Piste Slow Fashion Run organis\u00e9 par le collectif.&nbsp;<\/p>\n\n\n\n<p>Entre son h\u00e9ritage populaire, sa cr\u00e9ativit\u00e9 effervescente et son ouverture sur la M\u00e9diterran\u00e9e, <strong>Marseille impose son style \u2014 r\u00e9solument \u00e9thique et collectif<\/strong>. Cette premi\u00e8re \u00e9dition de la Fashion Week responsable pourrait bien marquer un tournant pour l\u2019industrie, et offrir \u00e0 Marseille une place de choix sur la carte de la mode de demain. Le mistral soufflerait-il un vent nouveau sur l\u2019industrie ? R\u00e9ponse dans quelques jours.&nbsp;<\/p>\n\n\n\n<p>Pour s\u2019inscrire aux \u00e9v\u00e9nements et suivre les actualit\u00e9s de cette Slow Fashion Week, suivre @<a href=\"https:\/\/www.instagram.com\/slowfashionweekmarseille\/\">slowfashionweekmarseille<\/a>, @<a href=\"https:\/\/www.instagram.com\/villemarseille\/\">villemarseille<\/a> et le @<a href=\"https:\/\/www.instagram.com\/baga.collectif\/\">baga.colectif<\/a>.&nbsp;<\/p>\n\n\n\n<p>Article de <strong>Julie Boone<\/strong>.&nbsp;<\/p>\n","protected":false},"excerpt":{"rendered":"<p>Du 7 au 14 juin, Marseille accueille sa premi\u00e8re Fashion Week responsable. L\u2019occasion parfaite de (re)d\u00e9couvrir la cit\u00e9 phoc\u00e9enne au rythme d\u2019\u00e9v\u00e9nements engag\u00e9s, de d\u00e9fil\u00e9s \u00e9co-responsables et de lieux embl\u00e9matiques transform\u00e9s pour l\u2019occasion. Premi\u00e8re Slow Fashion Week&nbsp; Pens\u00e9e comme une alternative aux Fashion Weeks traditionnelles, jug\u00e9es \u00e9litistes et polluantes, cette semaine de la mode marseillaise [&hellip;]<\/p>\n","protected":false},"author":24,"featured_media":32059,"comment_status":"closed","ping_status":"closed","sticky":false,"template":"","format":"standard","meta":{"_et_pb_use_builder":"off","_et_pb_old_content":"","_et_gb_content_width":"","footnotes":""},"categories":[4059,122],"tags":[2186,734,4109,350,4108],"class_list":["post-32056","post","type-post","status-publish","format-standard","has-post-thumbnail","hentry","category-culture","category-fashion","tag-eco-responsable-2","tag-fashion-week","tag-maison-cleo","tag-marseille","tag-slow-fashion-week","et-has-post-format-content","et_post_format-et-post-format-standard"],"yoast_head":"<!-- This site is optimized with the Yoast SEO plugin v27.3 - https:\/\/yoast.com\/product\/yoast-seo-wordpress\/ -->\n<title>Marseille se met au vert avec sa premi\u00e8re Fashion Week - Sneaker Spirit<\/title>\n<meta name=\"description\" content=\"Du 7 au 14 juin, Marseille accueille sa premi\u00e8re Slow Fashion Week : d\u00e9fil\u00e9s, ateliers, conf\u00e9rences et mode durable au programme.\" \/>\n<meta name=\"robots\" content=\"index, follow, max-snippet:-1, max-image-preview:large, max-video-preview:-1\" \/>\n<link rel=\"canonical\" href=\"https:\/\/sneakerspirit.courir.com\/fr\/slow-fashion-week-marseille-2025\/\" \/>\n<meta property=\"og:locale\" content=\"fr_FR\" \/>\n<meta property=\"og:type\" content=\"article\" \/>\n<meta property=\"og:title\" content=\"Marseille se met au vert avec sa premi\u00e8re Fashion Week - Sneaker Spirit\" \/>\n<meta property=\"og:description\" content=\"Du 7 au 14 juin, Marseille accueille sa premi\u00e8re Slow Fashion Week : d\u00e9fil\u00e9s, ateliers, conf\u00e9rences et mode durable au programme.\" \/>\n<meta property=\"og:url\" content=\"https:\/\/sneakerspirit.courir.com\/fr\/slow-fashion-week-marseille-2025\/\" \/>\n<meta property=\"og:site_name\" content=\"Sneaker Spirit\" \/>\n<meta property=\"article:published_time\" content=\"2025-06-05T12:45:10+00:00\" \/>\n<meta property=\"article:modified_time\" content=\"2025-06-05T12:45:13+00:00\" \/>\n<meta property=\"og:image\" content=\"https:\/\/sneakerspirit.courir.com\/fr\/wp-content\/uploads\/sites\/3\/2025\/06\/Cover-guide-SFW-e1749127409340.jpg\" \/>\n\t<meta property=\"og:image:width\" content=\"1080\" \/>\n\t<meta property=\"og:image:height\" content=\"520\" \/>\n\t<meta property=\"og:image:type\" content=\"image\/jpeg\" \/>\n<meta name=\"author\" content=\"mina\" \/>\n<meta name=\"twitter:card\" content=\"summary_large_image\" \/>\n<meta name=\"twitter:label1\" content=\"\u00c9crit par\" \/>\n\t<meta name=\"twitter:data1\" content=\"mina\" \/>\n\t<meta name=\"twitter:label2\" content=\"Dur\u00e9e de lecture estim\u00e9e\" \/>\n\t<meta name=\"twitter:data2\" content=\"5 minutes\" \/>\n<script type=\"application\/ld+json\" class=\"yoast-schema-graph\">{\"@context\":\"https:\\\/\\\/schema.org\",\"@graph\":[{\"@type\":\"NewsArticle\",\"@id\":\"https:\\\/\\\/sneakerspirit.courir.com\\\/fr\\\/slow-fashion-week-marseille-2025\\\/#article\",\"isPartOf\":{\"@id\":\"https:\\\/\\\/sneakerspirit.courir.com\\\/fr\\\/slow-fashion-week-marseille-2025\\\/\"},\"author\":{\"name\":\"mina\",\"@id\":\"https:\\\/\\\/sneakerspirit.courir.com\\\/fr\\\/#\\\/schema\\\/person\\\/30a8cea81093c00e2c875c9b886d7514\"},\"headline\":\"Marseille se met au vert avec sa premi\u00e8re Fashion Week\",\"datePublished\":\"2025-06-05T12:45:10+00:00\",\"dateModified\":\"2025-06-05T12:45:13+00:00\",\"mainEntityOfPage\":{\"@id\":\"https:\\\/\\\/sneakerspirit.courir.com\\\/fr\\\/slow-fashion-week-marseille-2025\\\/\"},\"wordCount\":728,\"publisher\":{\"@id\":\"https:\\\/\\\/sneakerspirit.courir.com\\\/fr\\\/#organization\"},\"image\":{\"@id\":\"https:\\\/\\\/sneakerspirit.courir.com\\\/fr\\\/slow-fashion-week-marseille-2025\\\/#primaryimage\"},\"thumbnailUrl\":\"https:\\\/\\\/sneakerspirit.courir.com\\\/fr\\\/wp-content\\\/uploads\\\/sites\\\/3\\\/2025\\\/06\\\/Cover-guide-SFW-e1749127409340.jpg\",\"keywords\":[\"\u00e9co-responsable\",\"fashion week\",\"Maison Cl\u00e9o\",\"marseille\",\"Slow Fashion Week\"],\"articleSection\":[\"Culture\",\"Fashion\"],\"inLanguage\":\"fr-FR\"},{\"@type\":\"WebPage\",\"@id\":\"https:\\\/\\\/sneakerspirit.courir.com\\\/fr\\\/slow-fashion-week-marseille-2025\\\/\",\"url\":\"https:\\\/\\\/sneakerspirit.courir.com\\\/fr\\\/slow-fashion-week-marseille-2025\\\/\",\"name\":\"Marseille se met au vert avec sa premi\u00e8re Fashion Week - Sneaker Spirit\",\"isPartOf\":{\"@id\":\"https:\\\/\\\/sneakerspirit.courir.com\\\/fr\\\/#website\"},\"primaryImageOfPage\":{\"@id\":\"https:\\\/\\\/sneakerspirit.courir.com\\\/fr\\\/slow-fashion-week-marseille-2025\\\/#primaryimage\"},\"image\":{\"@id\":\"https:\\\/\\\/sneakerspirit.courir.com\\\/fr\\\/slow-fashion-week-marseille-2025\\\/#primaryimage\"},\"thumbnailUrl\":\"https:\\\/\\\/sneakerspirit.courir.com\\\/fr\\\/wp-content\\\/uploads\\\/sites\\\/3\\\/2025\\\/06\\\/Cover-guide-SFW-e1749127409340.jpg\",\"datePublished\":\"2025-06-05T12:45:10+00:00\",\"dateModified\":\"2025-06-05T12:45:13+00:00\",\"description\":\"Du 7 au 14 juin, Marseille accueille sa premi\u00e8re Slow Fashion Week : d\u00e9fil\u00e9s, ateliers, conf\u00e9rences et mode durable au programme.\",\"breadcrumb\":{\"@id\":\"https:\\\/\\\/sneakerspirit.courir.com\\\/fr\\\/slow-fashion-week-marseille-2025\\\/#breadcrumb\"},\"inLanguage\":\"fr-FR\",\"potentialAction\":[{\"@type\":\"ReadAction\",\"target\":[\"https:\\\/\\\/sneakerspirit.courir.com\\\/fr\\\/slow-fashion-week-marseille-2025\\\/\"]}]},{\"@type\":\"ImageObject\",\"inLanguage\":\"fr-FR\",\"@id\":\"https:\\\/\\\/sneakerspirit.courir.com\\\/fr\\\/slow-fashion-week-marseille-2025\\\/#primaryimage\",\"url\":\"https:\\\/\\\/sneakerspirit.courir.com\\\/fr\\\/wp-content\\\/uploads\\\/sites\\\/3\\\/2025\\\/06\\\/Cover-guide-SFW-e1749127409340.jpg\",\"contentUrl\":\"https:\\\/\\\/sneakerspirit.courir.com\\\/fr\\\/wp-content\\\/uploads\\\/sites\\\/3\\\/2025\\\/06\\\/Cover-guide-SFW-e1749127409340.jpg\",\"width\":1080,\"height\":520},{\"@type\":\"BreadcrumbList\",\"@id\":\"https:\\\/\\\/sneakerspirit.courir.com\\\/fr\\\/slow-fashion-week-marseille-2025\\\/#breadcrumb\",\"itemListElement\":[{\"@type\":\"ListItem\",\"position\":1,\"name\":\"Accueil\",\"item\":\"https:\\\/\\\/sneakerspirit.courir.com\\\/fr\\\/\"},{\"@type\":\"ListItem\",\"position\":2,\"name\":\"Culture\",\"item\":\"https:\\\/\\\/sneakerspirit.courir.com\\\/fr\\\/category\\\/culture\\\/\"},{\"@type\":\"ListItem\",\"position\":3,\"name\":\"Marseille se met au vert avec sa premi\u00e8re Fashion Week\"}]},{\"@type\":\"WebSite\",\"@id\":\"https:\\\/\\\/sneakerspirit.courir.com\\\/fr\\\/#website\",\"url\":\"https:\\\/\\\/sneakerspirit.courir.com\\\/fr\\\/\",\"name\":\"Sneaker Spirit\",\"description\":\"Culture Starts Here\",\"publisher\":{\"@id\":\"https:\\\/\\\/sneakerspirit.courir.com\\\/fr\\\/#organization\"},\"potentialAction\":[{\"@type\":\"SearchAction\",\"target\":{\"@type\":\"EntryPoint\",\"urlTemplate\":\"https:\\\/\\\/sneakerspirit.courir.com\\\/fr\\\/?s={search_term_string}\"},\"query-input\":{\"@type\":\"PropertyValueSpecification\",\"valueRequired\":true,\"valueName\":\"search_term_string\"}}],\"inLanguage\":\"fr-FR\"},{\"@type\":\"Organization\",\"@id\":\"https:\\\/\\\/sneakerspirit.courir.com\\\/fr\\\/#organization\",\"name\":\"Sneaker Spirit\",\"url\":\"https:\\\/\\\/sneakerspirit.courir.com\\\/fr\\\/\",\"logo\":{\"@type\":\"ImageObject\",\"inLanguage\":\"fr-FR\",\"@id\":\"https:\\\/\\\/sneakerspirit.courir.com\\\/fr\\\/#\\\/schema\\\/logo\\\/image\\\/\",\"url\":\"https:\\\/\\\/i0.wp.com\\\/sneakerspirit.courir.com\\\/fr\\\/wp-content\\\/uploads\\\/sites\\\/3\\\/2019\\\/10\\\/sneaker-spirit-logo-baseline-v2.png?fit=1200%2C521&ssl=1\",\"contentUrl\":\"https:\\\/\\\/i0.wp.com\\\/sneakerspirit.courir.com\\\/fr\\\/wp-content\\\/uploads\\\/sites\\\/3\\\/2019\\\/10\\\/sneaker-spirit-logo-baseline-v2.png?fit=1200%2C521&ssl=1\",\"width\":1200,\"height\":521,\"caption\":\"Sneaker Spirit\"},\"image\":{\"@id\":\"https:\\\/\\\/sneakerspirit.courir.com\\\/fr\\\/#\\\/schema\\\/logo\\\/image\\\/\"}},{\"@type\":\"Person\",\"@id\":\"https:\\\/\\\/sneakerspirit.courir.com\\\/fr\\\/#\\\/schema\\\/person\\\/30a8cea81093c00e2c875c9b886d7514\",\"name\":\"mina\"}]}<\/script>\n<!-- \/ Yoast SEO plugin. -->","yoast_head_json":{"title":"Marseille se met au vert avec sa premi\u00e8re Fashion Week - Sneaker Spirit","description":"Du 7 au 14 juin, Marseille accueille sa premi\u00e8re Slow Fashion Week : d\u00e9fil\u00e9s, ateliers, conf\u00e9rences et mode durable au programme.","robots":{"index":"index","follow":"follow","max-snippet":"max-snippet:-1","max-image-preview":"max-image-preview:large","max-video-preview":"max-video-preview:-1"},"canonical":"https:\/\/sneakerspirit.courir.com\/fr\/slow-fashion-week-marseille-2025\/","og_locale":"fr_FR","og_type":"article","og_title":"Marseille se met au vert avec sa premi\u00e8re Fashion Week - Sneaker Spirit","og_description":"Du 7 au 14 juin, Marseille accueille sa premi\u00e8re Slow Fashion Week : d\u00e9fil\u00e9s, ateliers, conf\u00e9rences et mode durable au programme.","og_url":"https:\/\/sneakerspirit.courir.com\/fr\/slow-fashion-week-marseille-2025\/","og_site_name":"Sneaker Spirit","article_published_time":"2025-06-05T12:45:10+00:00","article_modified_time":"2025-06-05T12:45:13+00:00","og_image":[{"width":1080,"height":520,"url":"https:\/\/sneakerspirit.courir.com\/fr\/wp-content\/uploads\/sites\/3\/2025\/06\/Cover-guide-SFW-e1749127409340.jpg","type":"image\/jpeg"}],"author":"mina","twitter_card":"summary_large_image","twitter_misc":{"\u00c9crit par":"mina","Dur\u00e9e de lecture estim\u00e9e":"5 minutes"},"schema":{"@context":"https:\/\/schema.org","@graph":[{"@type":"NewsArticle","@id":"https:\/\/sneakerspirit.courir.com\/fr\/slow-fashion-week-marseille-2025\/#article","isPartOf":{"@id":"https:\/\/sneakerspirit.courir.com\/fr\/slow-fashion-week-marseille-2025\/"},"author":{"name":"mina","@id":"https:\/\/sneakerspirit.courir.com\/fr\/#\/schema\/person\/30a8cea81093c00e2c875c9b886d7514"},"headline":"Marseille se met au vert avec sa premi\u00e8re Fashion Week","datePublished":"2025-06-05T12:45:10+00:00","dateModified":"2025-06-05T12:45:13+00:00","mainEntityOfPage":{"@id":"https:\/\/sneakerspirit.courir.com\/fr\/slow-fashion-week-marseille-2025\/"},"wordCount":728,"publisher":{"@id":"https:\/\/sneakerspirit.courir.com\/fr\/#organization"},"image":{"@id":"https:\/\/sneakerspirit.courir.com\/fr\/slow-fashion-week-marseille-2025\/#primaryimage"},"thumbnailUrl":"https:\/\/sneakerspirit.courir.com\/fr\/wp-content\/uploads\/sites\/3\/2025\/06\/Cover-guide-SFW-e1749127409340.jpg","keywords":["\u00e9co-responsable","fashion week","Maison Cl\u00e9o","marseille","Slow Fashion Week"],"articleSection":["Culture","Fashion"],"inLanguage":"fr-FR"},{"@type":"WebPage","@id":"https:\/\/sneakerspirit.courir.com\/fr\/slow-fashion-week-marseille-2025\/","url":"https:\/\/sneakerspirit.courir.com\/fr\/slow-fashion-week-marseille-2025\/","name":"Marseille se met au vert avec sa premi\u00e8re Fashion Week - Sneaker Spirit","isPartOf":{"@id":"https:\/\/sneakerspirit.courir.com\/fr\/#website"},"primaryImageOfPage":{"@id":"https:\/\/sneakerspirit.courir.com\/fr\/slow-fashion-week-marseille-2025\/#primaryimage"},"image":{"@id":"https:\/\/sneakerspirit.courir.com\/fr\/slow-fashion-week-marseille-2025\/#primaryimage"},"thumbnailUrl":"https:\/\/sneakerspirit.courir.com\/fr\/wp-content\/uploads\/sites\/3\/2025\/06\/Cover-guide-SFW-e1749127409340.jpg","datePublished":"2025-06-05T12:45:10+00:00","dateModified":"2025-06-05T12:45:13+00:00","description":"Du 7 au 14 juin, Marseille accueille sa premi\u00e8re Slow Fashion Week : d\u00e9fil\u00e9s, ateliers, conf\u00e9rences et mode durable au programme.","breadcrumb":{"@id":"https:\/\/sneakerspirit.courir.com\/fr\/slow-fashion-week-marseille-2025\/#breadcrumb"},"inLanguage":"fr-FR","potentialAction":[{"@type":"ReadAction","target":["https:\/\/sneakerspirit.courir.com\/fr\/slow-fashion-week-marseille-2025\/"]}]},{"@type":"ImageObject","inLanguage":"fr-FR","@id":"https:\/\/sneakerspirit.courir.com\/fr\/slow-fashion-week-marseille-2025\/#primaryimage","url":"https:\/\/sneakerspirit.courir.com\/fr\/wp-content\/uploads\/sites\/3\/2025\/06\/Cover-guide-SFW-e1749127409340.jpg","contentUrl":"https:\/\/sneakerspirit.courir.com\/fr\/wp-content\/uploads\/sites\/3\/2025\/06\/Cover-guide-SFW-e1749127409340.jpg","width":1080,"height":520},{"@type":"BreadcrumbList","@id":"https:\/\/sneakerspirit.courir.com\/fr\/slow-fashion-week-marseille-2025\/#breadcrumb","itemListElement":[{"@type":"ListItem","position":1,"name":"Accueil","item":"https:\/\/sneakerspirit.courir.com\/fr\/"},{"@type":"ListItem","position":2,"name":"Culture","item":"https:\/\/sneakerspirit.courir.com\/fr\/category\/culture\/"},{"@type":"ListItem","position":3,"name":"Marseille se met au vert avec sa premi\u00e8re Fashion Week"}]},{"@type":"WebSite","@id":"https:\/\/sneakerspirit.courir.com\/fr\/#website","url":"https:\/\/sneakerspirit.courir.com\/fr\/","name":"Sneaker Spirit","description":"Culture Starts Here","publisher":{"@id":"https:\/\/sneakerspirit.courir.com\/fr\/#organization"},"potentialAction":[{"@type":"SearchAction","target":{"@type":"EntryPoint","urlTemplate":"https:\/\/sneakerspirit.courir.com\/fr\/?s={search_term_string}"},"query-input":{"@type":"PropertyValueSpecification","valueRequired":true,"valueName":"search_term_string"}}],"inLanguage":"fr-FR"},{"@type":"Organization","@id":"https:\/\/sneakerspirit.courir.com\/fr\/#organization","name":"Sneaker Spirit","url":"https:\/\/sneakerspirit.courir.com\/fr\/","logo":{"@type":"ImageObject","inLanguage":"fr-FR","@id":"https:\/\/sneakerspirit.courir.com\/fr\/#\/schema\/logo\/image\/","url":"https:\/\/i0.wp.com\/sneakerspirit.courir.com\/fr\/wp-content\/uploads\/sites\/3\/2019\/10\/sneaker-spirit-logo-baseline-v2.png?fit=1200%2C521&ssl=1","contentUrl":"https:\/\/i0.wp.com\/sneakerspirit.courir.com\/fr\/wp-content\/uploads\/sites\/3\/2019\/10\/sneaker-spirit-logo-baseline-v2.png?fit=1200%2C521&ssl=1","width":1200,"height":521,"caption":"Sneaker Spirit"},"image":{"@id":"https:\/\/sneakerspirit.courir.com\/fr\/#\/schema\/logo\/image\/"}},{"@type":"Person","@id":"https:\/\/sneakerspirit.courir.com\/fr\/#\/schema\/person\/30a8cea81093c00e2c875c9b886d7514","name":"mina"}]}},"_links":{"self":[{"href":"https:\/\/sneakerspirit.courir.com\/fr\/wp-json\/wp\/v2\/posts\/32056","targetHints":{"allow":["GET"]}}],"collection":[{"href":"https:\/\/sneakerspirit.courir.com\/fr\/wp-json\/wp\/v2\/posts"}],"about":[{"href":"https:\/\/sneakerspirit.courir.com\/fr\/wp-json\/wp\/v2\/types\/post"}],"author":[{"embeddable":true,"href":"https:\/\/sneakerspirit.courir.com\/fr\/wp-json\/wp\/v2\/users\/24"}],"replies":[{"embeddable":true,"href":"https:\/\/sneakerspirit.courir.com\/fr\/wp-json\/wp\/v2\/comments?post=32056"}],"version-history":[{"count":2,"href":"https:\/\/sneakerspirit.courir.com\/fr\/wp-json\/wp\/v2\/posts\/32056\/revisions"}],"predecessor-version":[{"id":32064,"href":"https:\/\/sneakerspirit.courir.com\/fr\/wp-json\/wp\/v2\/posts\/32056\/revisions\/32064"}],"wp:featuredmedia":[{"embeddable":true,"href":"https:\/\/sneakerspirit.courir.com\/fr\/wp-json\/wp\/v2\/media\/32059"}],"wp:attachment":[{"href":"https:\/\/sneakerspirit.courir.com\/fr\/wp-json\/wp\/v2\/media?parent=32056"}],"wp:term":[{"taxonomy":"category","embeddable":true,"href":"https:\/\/sneakerspirit.courir.com\/fr\/wp-json\/wp\/v2\/categories?post=32056"},{"taxonomy":"post_tag","embeddable":true,"href":"https:\/\/sneakerspirit.courir.com\/fr\/wp-json\/wp\/v2\/tags?post=32056"}],"curies":[{"name":"wp","href":"https:\/\/api.w.org\/{rel}","templated":true}]}}