{"id":32065,"date":"2025-06-11T07:45:23","date_gmt":"2025-06-11T07:45:23","guid":{"rendered":"https:\/\/sneakerspirit.courir.com\/fr\/?p=32065"},"modified":"2025-06-11T07:45:25","modified_gmt":"2025-06-11T07:45:25","slug":"maisoncleo-defile-marseille-collection-la-gatee","status":"publish","type":"post","link":"https:\/\/sneakerspirit.courir.com\/fr\/maisoncleo-defile-marseille-collection-la-gatee\/","title":{"rendered":"MaisonCl\u00e9o d\u00e9file \u00e0 Marseille avec sa collection \u00ab\u00a0La G\u00e2t\u00e9e\u00a0\u00bb\u00a0"},"content":{"rendered":"\n<blockquote class=\"wp-block-quote is-layout-flow wp-block-quote-is-layout-flow\">\n<p><em>\u00c0 l\u2019occasion de la premi\u00e8re Slow Fashion Week de Marseille organis\u00e9e par le collectif BAGA, la marque ind\u00e9pendante MaisonCl\u00e9o a pr\u00e9sent\u00e9 sa cinqui\u00e8me collection, \u00ab&nbsp;La G\u00e2t\u00e9e&nbsp;\u00bb, dans un d\u00e9cor embl\u00e9matique de la ville. Une parenth\u00e8se lumineuse alliant sensualit\u00e9 et savoir-faire fran\u00e7ais qui lance le coup d\u2019envoi de la saison estivale, plac\u00e9e sous le signe de l\u2019\u00e9co-responsabilit\u00e9.&nbsp;<\/em><\/p>\n<\/blockquote>\n\n\n\n<h2 class=\"wp-block-heading\"><strong>MaisonCl\u00e9o, une marque ind\u00e9pendante engag\u00e9e<\/strong><\/h2>\n\n\n\n<p>Fond\u00e9e par <strong>Marie Dewet<\/strong> et sa m\u00e8re en 2017, <a href=\"https:\/\/www.instagram.com\/maisoncleo\/\">MaisonCl\u00e9o<\/a> cultive depuis ses d\u00e9buts une a<strong>pproche r\u00e9solument ind\u00e9pendante de la mode<\/strong> : production \u00e0 la demande, transparence des co\u00fbts, fabrication artisanale dans le Nord de la France. Loin des calendriers impos\u00e9s : <em>\u00ab&nbsp;la marque ne suit aucun calendrier ni tendance de la mode. Pas de collection, de nouveaux designs selon les saisons, les d\u00e9sirs et les tissus&nbsp;\u00bb<\/em>. Une approche volontairement en marge qui n\u2019a pas emp\u00each\u00e9 MaisonCl\u00e9o de prendre part \u00e0 la tr\u00e8s convoit\u00e9e Fashion Week parisienne o\u00f9 elle a notamment pr\u00e9sent\u00e9 sa collection sous la coupole de l\u2019<strong>Espace Niemeyer.<\/strong>&nbsp;<\/p>\n\n\n\n<div class=\"wp-block-columns is-layout-flex wp-container-core-columns-is-layout-9d6595d7 wp-block-columns-is-layout-flex\">\n<div class=\"wp-block-column is-layout-flow wp-block-column-is-layout-flow\">\n<figure class=\"wp-block-image size-large\"><img loading=\"lazy\" decoding=\"async\" width=\"819\" height=\"1024\" src=\"https:\/\/sneakerspirit.courir.com\/fr\/wp-content\/uploads\/sites\/3\/2025\/06\/Our-new-March-spring-drop-is-online-\ud83c\udf38\ud83c\udf38\ud83c\udf38-Introducing-our-new-Monica-jersey-backless-dress-\u2764\ufe0f\ud83e\udd0d-beauty-@gloria_avril-shot-at-@hotelchateaudeau-\ud83d\udcde-819x1024.jpg\" alt=\"\" class=\"wp-image-32067\" srcset=\"https:\/\/sneakerspirit.courir.com\/fr\/wp-content\/uploads\/sites\/3\/2025\/06\/Our-new-March-spring-drop-is-online-\ud83c\udf38\ud83c\udf38\ud83c\udf38-Introducing-our-new-Monica-jersey-backless-dress-\u2764\ufe0f\ud83e\udd0d-beauty-@gloria_avril-shot-at-@hotelchateaudeau-\ud83d\udcde-819x1024.jpg 819w, https:\/\/sneakerspirit.courir.com\/fr\/wp-content\/uploads\/sites\/3\/2025\/06\/Our-new-March-spring-drop-is-online-\ud83c\udf38\ud83c\udf38\ud83c\udf38-Introducing-our-new-Monica-jersey-backless-dress-\u2764\ufe0f\ud83e\udd0d-beauty-@gloria_avril-shot-at-@hotelchateaudeau-\ud83d\udcde-240x300.jpg 240w, https:\/\/sneakerspirit.courir.com\/fr\/wp-content\/uploads\/sites\/3\/2025\/06\/Our-new-March-spring-drop-is-online-\ud83c\udf38\ud83c\udf38\ud83c\udf38-Introducing-our-new-Monica-jersey-backless-dress-\u2764\ufe0f\ud83e\udd0d-beauty-@gloria_avril-shot-at-@hotelchateaudeau-\ud83d\udcde-768x960.jpg 768w, https:\/\/sneakerspirit.courir.com\/fr\/wp-content\/uploads\/sites\/3\/2025\/06\/Our-new-March-spring-drop-is-online-\ud83c\udf38\ud83c\udf38\ud83c\udf38-Introducing-our-new-Monica-jersey-backless-dress-\u2764\ufe0f\ud83e\udd0d-beauty-@gloria_avril-shot-at-@hotelchateaudeau-\ud83d\udcde.jpg 1080w\" sizes=\"auto, (max-width: 819px) 100vw, 819px\" \/><\/figure>\n<\/div>\n\n\n\n<div class=\"wp-block-column is-layout-flow wp-block-column-is-layout-flow\">\n<figure class=\"wp-block-image size-large\"><img loading=\"lazy\" decoding=\"async\" width=\"819\" height=\"1024\" src=\"https:\/\/sneakerspirit.courir.com\/fr\/wp-content\/uploads\/sites\/3\/2025\/06\/Our-Jennifer-white-silk-long-wedding-dress-with-its-matching-scarf-\ud83d\udd4a\ufe0f\ud83d\udd4a\ufe0f\ud83d\udd4a\ufe0f-shot-by-@linkstudio_-\ud83c\udff9\ud83e\udd0d-MadeInFrance-\u2600\ufe0f-819x1024.jpg\" alt=\"\" class=\"wp-image-32068\" srcset=\"https:\/\/sneakerspirit.courir.com\/fr\/wp-content\/uploads\/sites\/3\/2025\/06\/Our-Jennifer-white-silk-long-wedding-dress-with-its-matching-scarf-\ud83d\udd4a\ufe0f\ud83d\udd4a\ufe0f\ud83d\udd4a\ufe0f-shot-by-@linkstudio_-\ud83c\udff9\ud83e\udd0d-MadeInFrance-\u2600\ufe0f-819x1024.jpg 819w, https:\/\/sneakerspirit.courir.com\/fr\/wp-content\/uploads\/sites\/3\/2025\/06\/Our-Jennifer-white-silk-long-wedding-dress-with-its-matching-scarf-\ud83d\udd4a\ufe0f\ud83d\udd4a\ufe0f\ud83d\udd4a\ufe0f-shot-by-@linkstudio_-\ud83c\udff9\ud83e\udd0d-MadeInFrance-\u2600\ufe0f-240x300.jpg 240w, https:\/\/sneakerspirit.courir.com\/fr\/wp-content\/uploads\/sites\/3\/2025\/06\/Our-Jennifer-white-silk-long-wedding-dress-with-its-matching-scarf-\ud83d\udd4a\ufe0f\ud83d\udd4a\ufe0f\ud83d\udd4a\ufe0f-shot-by-@linkstudio_-\ud83c\udff9\ud83e\udd0d-MadeInFrance-\u2600\ufe0f-768x960.jpg 768w, https:\/\/sneakerspirit.courir.com\/fr\/wp-content\/uploads\/sites\/3\/2025\/06\/Our-Jennifer-white-silk-long-wedding-dress-with-its-matching-scarf-\ud83d\udd4a\ufe0f\ud83d\udd4a\ufe0f\ud83d\udd4a\ufe0f-shot-by-@linkstudio_-\ud83c\udff9\ud83e\udd0d-MadeInFrance-\u2600\ufe0f.jpg 1080w\" sizes=\"auto, (max-width: 819px) 100vw, 819px\" \/><\/figure>\n<\/div>\n<\/div>\n\n\n\n<p><strong>Un go\u00fbt certain pour l\u2019architecture <\/strong>que la marque confirme une nouvelle fois lors de son cinqui\u00e8me d\u00e9fil\u00e9, pr\u00e9sent\u00e9 le lundi 9 juin. Cette fois, MaisonCl\u00e9o a choisi le littoral marseillais comme d\u00e9cor, et plus pr\u00e9cis\u00e9ment la <strong>Porte d\u2019Orient<\/strong>, arche monumentale surplombant la <strong>Corniche Kennedy<\/strong>. Ce cadre exceptionnel a accueilli la pr\u00e9sentation de sa nouvelle collection, dans le cadre de la <a href=\"https:\/\/sneakerspirit.courir.com\/fr\/slow-fashion-week-marseille-2025\/\">Slow Fashion Week<\/a>, un \u00e9v\u00e9nement organis\u00e9 par le collectif BAGA et soutenu par la Ville de Marseille qui <strong>met en lumi\u00e8re la mode \u00e9co-responsable dans des lieux embl\u00e9matiques de la cit\u00e9 phoc\u00e9enne.<\/strong><\/p>\n\n\n\n<h2 class=\"wp-block-heading\"><strong>Une collection qui sent l\u2019\u00e9t\u00e9&nbsp;<\/strong><br><\/h2>\n\n\n\n<p>Intitul\u00e9e <em>La G\u00e2t\u00e9e<\/em> \u2013 une expression affectueuse typiquement marseillaise \u2013 la collection c\u00e9l\u00e8bre l\u2019esprit m\u00e9diterran\u00e9en dans toute sa sensualit\u00e9. En contrebas, des baigneurs plongent dans les calanques, tandis que <strong>les mod\u00e8les d\u00e9filent pieds nus sur le bitume chauff\u00e9 par le soleil, comme si elles venaient, elles aussi, de sortir de l\u2019eau<\/strong>. <strong>En bande-son, des m\u00e9lodies qui sentent bon le sable chaud<\/strong>, comme une promesse de farniente.&nbsp;<\/p>\n\n\n\n<p>C\u00f4t\u00e9 vestiaire, MaisonCl\u00e9o est rest\u00e9e fid\u00e8le \u00e0 ce qu\u2019elle sait faire de mieux : une f<strong>\u00e9minit\u00e9 douce, sensuelle et assum\u00e9e<\/strong>. Une palette tricolore bleu-blanc-rouge, comme un clin d&rsquo;\u0153il \u00e0 la fabrication fran\u00e7aise, tout en affirmant son <strong>rayonnement \u00e0 l\u2019international<\/strong> \u2013 la marque est aujourd\u2019hui distribu\u00e9e dans plusieurs c\u00e9l\u00e8bres multi-marques \u00e9trangers.<\/p>\n\n\n\n<div class=\"wp-block-columns is-layout-flex wp-container-core-columns-is-layout-9d6595d7 wp-block-columns-is-layout-flex\">\n<div class=\"wp-block-column is-layout-flow wp-block-column-is-layout-flow\">\n<figure class=\"wp-block-image size-large\"><img loading=\"lazy\" decoding=\"async\" width=\"768\" height=\"1024\" src=\"https:\/\/sneakerspirit.courir.com\/fr\/wp-content\/uploads\/sites\/3\/2025\/06\/\ud83e\udd80-MAISONCLEO-LA-GATEE-SS25-\ud83e\udd80\u2728-@maisoncleo-\ud83d\udcf8-@hector_passat-768x1024.jpg\" alt=\"\" class=\"wp-image-32069\" srcset=\"https:\/\/sneakerspirit.courir.com\/fr\/wp-content\/uploads\/sites\/3\/2025\/06\/\ud83e\udd80-MAISONCLEO-LA-GATEE-SS25-\ud83e\udd80\u2728-@maisoncleo-\ud83d\udcf8-@hector_passat-768x1024.jpg 768w, https:\/\/sneakerspirit.courir.com\/fr\/wp-content\/uploads\/sites\/3\/2025\/06\/\ud83e\udd80-MAISONCLEO-LA-GATEE-SS25-\ud83e\udd80\u2728-@maisoncleo-\ud83d\udcf8-@hector_passat-225x300.jpg 225w, https:\/\/sneakerspirit.courir.com\/fr\/wp-content\/uploads\/sites\/3\/2025\/06\/\ud83e\udd80-MAISONCLEO-LA-GATEE-SS25-\ud83e\udd80\u2728-@maisoncleo-\ud83d\udcf8-@hector_passat.jpg 1080w\" sizes=\"auto, (max-width: 768px) 100vw, 768px\" \/><\/figure>\n<\/div>\n\n\n\n<div class=\"wp-block-column is-layout-flow wp-block-column-is-layout-flow\">\n<figure class=\"wp-block-image size-large\"><img loading=\"lazy\" decoding=\"async\" width=\"768\" height=\"1024\" src=\"https:\/\/sneakerspirit.courir.com\/fr\/wp-content\/uploads\/sites\/3\/2025\/06\/\ud83e\udd80-MAISONCLEO-LA-GATEE-SS25-\ud83e\udd80\u2728-@maisoncleo-\ud83d\udcf8-@hector_passat-1-768x1024.jpg\" alt=\"\" class=\"wp-image-32070\" srcset=\"https:\/\/sneakerspirit.courir.com\/fr\/wp-content\/uploads\/sites\/3\/2025\/06\/\ud83e\udd80-MAISONCLEO-LA-GATEE-SS25-\ud83e\udd80\u2728-@maisoncleo-\ud83d\udcf8-@hector_passat-1-768x1024.jpg 768w, https:\/\/sneakerspirit.courir.com\/fr\/wp-content\/uploads\/sites\/3\/2025\/06\/\ud83e\udd80-MAISONCLEO-LA-GATEE-SS25-\ud83e\udd80\u2728-@maisoncleo-\ud83d\udcf8-@hector_passat-1-225x300.jpg 225w, https:\/\/sneakerspirit.courir.com\/fr\/wp-content\/uploads\/sites\/3\/2025\/06\/\ud83e\udd80-MAISONCLEO-LA-GATEE-SS25-\ud83e\udd80\u2728-@maisoncleo-\ud83d\udcf8-@hector_passat-1.jpg 1080w\" sizes=\"auto, (max-width: 768px) 100vw, 768px\" \/><figcaption class=\"wp-element-caption\">@hector_passat<\/figcaption><\/figure>\n<\/div>\n\n\n\n<div class=\"wp-block-column is-layout-flow wp-block-column-is-layout-flow\">\n<figure class=\"wp-block-image size-large\"><img loading=\"lazy\" decoding=\"async\" width=\"768\" height=\"1024\" src=\"https:\/\/sneakerspirit.courir.com\/fr\/wp-content\/uploads\/sites\/3\/2025\/06\/\ud83e\udd80-MAISONCLEO-LA-GATEE-SS25-\ud83e\udd80\u2728-@maisoncleo-\ud83d\udcf8-@hector_passat-2-768x1024.jpg\" alt=\"\" class=\"wp-image-32071\" srcset=\"https:\/\/sneakerspirit.courir.com\/fr\/wp-content\/uploads\/sites\/3\/2025\/06\/\ud83e\udd80-MAISONCLEO-LA-GATEE-SS25-\ud83e\udd80\u2728-@maisoncleo-\ud83d\udcf8-@hector_passat-2-768x1024.jpg 768w, https:\/\/sneakerspirit.courir.com\/fr\/wp-content\/uploads\/sites\/3\/2025\/06\/\ud83e\udd80-MAISONCLEO-LA-GATEE-SS25-\ud83e\udd80\u2728-@maisoncleo-\ud83d\udcf8-@hector_passat-2-225x300.jpg 225w, https:\/\/sneakerspirit.courir.com\/fr\/wp-content\/uploads\/sites\/3\/2025\/06\/\ud83e\udd80-MAISONCLEO-LA-GATEE-SS25-\ud83e\udd80\u2728-@maisoncleo-\ud83d\udcf8-@hector_passat-2.jpg 1080w\" sizes=\"auto, (max-width: 768px) 100vw, 768px\" \/><\/figure>\n<\/div>\n<\/div>\n\n\n\n<p>Entre <strong>pois<\/strong> (mini ou maxi), imprim\u00e9s <strong>floraux<\/strong> \u00e0 l\u2019allure <em>vintage<\/em>, <strong>Vichy<\/strong> r\u00e9tro, crochet d\u00e9licat et jeux de transparence, <em>La G\u00e2t\u00e9e<\/em> compose une <strong>garde-robe ensoleill\u00e9e<\/strong>. Volants et cols travaill\u00e9s \u2013 des Claudine sages aux encolures plus audacieuses \u2013 habillent des robes courtes ou des blouses, <strong>id\u00e9ales pour passer du littoral \u00e0 la ville sans d\u00e9tour par la maison.<\/strong><\/p>\n\n\n\n<p>Parmi les pi\u00e8ces phares : la robe d\u2019ouverture du d\u00e9fil\u00e9 avec col XXL et m\u00e9lange d\u2019imprim\u00e9s deux-en-un ; un ensemble <em>denim<\/em> compos\u00e9 d\u2019une blouse \u00e0 large encolure blanche et d\u2019un pantacourt taille haute \u00e0 boutons blancs ; ou encore une robe trap\u00e8ze ultra-fluide \u00e0 pois blancs sur fond rouge, qui conjugue confort et hyper-f\u00e9minit\u00e9. <strong>Le clou du spectacle : une mari\u00e9e coiff\u00e9e d\u2019un voile, suivie de pr\u00e8s par Marie Dewet, qui s\u2019avance en robe blanc cass\u00e9 fa\u00e7on nuisette \u2014 saluant, ou d\u00e9filant elle aussi ?<\/strong><\/p>\n\n\n\n<h2 class=\"wp-block-heading\"><strong>Une garde-robe pens\u00e9e pour toutes les f\u00e9minit\u00e9s&nbsp;<\/strong><br><\/h2>\n\n\n\n<p>Si le salut final de la cr\u00e9atrice a laiss\u00e9 planer une douce ambigu\u00eft\u00e9, son engagement, lui, ne laisse place \u00e0 aucun doute. MaisonCl\u00e9o reste fid\u00e8le \u00e0 ses valeurs : <strong>mati\u00e8res issues de fins de stocks<\/strong>, <strong>production \u00e0 la demande<\/strong> avec un d\u00e9lai d\u2019environ vingt jours, et possibilit\u00e9 de <strong>sur-mesure<\/strong>, y compris pour les grandes occasions, comme le mariage.<\/p>\n\n\n\n<figure class=\"wp-block-image size-large\"><img loading=\"lazy\" decoding=\"async\" width=\"1024\" height=\"685\" src=\"https:\/\/sneakerspirit.courir.com\/fr\/wp-content\/uploads\/sites\/3\/2025\/06\/Beauty-@jadedebritolopesprestes-in-our-Vanessa-blouse-and-Sophia-matching-cotton-lace-skirt-\ud83e\udd79-shot-by-@emmaburlet-\ud83e\udd0d\ud83e\udd0d\ud83e\udd0d\ud83d\udc23-1024x685.jpg\" alt=\"\" class=\"wp-image-32072\" srcset=\"https:\/\/sneakerspirit.courir.com\/fr\/wp-content\/uploads\/sites\/3\/2025\/06\/Beauty-@jadedebritolopesprestes-in-our-Vanessa-blouse-and-Sophia-matching-cotton-lace-skirt-\ud83e\udd79-shot-by-@emmaburlet-\ud83e\udd0d\ud83e\udd0d\ud83e\udd0d\ud83d\udc23-1024x685.jpg 1024w, https:\/\/sneakerspirit.courir.com\/fr\/wp-content\/uploads\/sites\/3\/2025\/06\/Beauty-@jadedebritolopesprestes-in-our-Vanessa-blouse-and-Sophia-matching-cotton-lace-skirt-\ud83e\udd79-shot-by-@emmaburlet-\ud83e\udd0d\ud83e\udd0d\ud83e\udd0d\ud83d\udc23-300x201.jpg 300w, https:\/\/sneakerspirit.courir.com\/fr\/wp-content\/uploads\/sites\/3\/2025\/06\/Beauty-@jadedebritolopesprestes-in-our-Vanessa-blouse-and-Sophia-matching-cotton-lace-skirt-\ud83e\udd79-shot-by-@emmaburlet-\ud83e\udd0d\ud83e\udd0d\ud83e\udd0d\ud83d\udc23-768x513.jpg 768w, https:\/\/sneakerspirit.courir.com\/fr\/wp-content\/uploads\/sites\/3\/2025\/06\/Beauty-@jadedebritolopesprestes-in-our-Vanessa-blouse-and-Sophia-matching-cotton-lace-skirt-\ud83e\udd79-shot-by-@emmaburlet-\ud83e\udd0d\ud83e\udd0d\ud83e\udd0d\ud83d\udc23.jpg 1080w\" sizes=\"auto, (max-width: 1024px) 100vw, 1024px\" \/><figcaption class=\"wp-element-caption\">@emmaburlet<\/figcaption><\/figure>\n\n\n\n<p><\/p>\n\n\n\n<p><strong>Une mode durable, dans l\u2019air du temps, pens\u00e9e pour tous les corps, toutes les f\u00e9minit\u00e9s et tous les \u00e2ges.<\/strong> Lundi, lors du d\u00e9fil\u00e9, il n\u2019y avait pas <em>une<\/em> seule g\u00e2t\u00e9e, mais bien <em>plusieurs<\/em>. Autant de femmes que de f\u00e9minit\u00e9s bien \u00e0 elles. <strong>Une fa\u00e7on pour MaisonCl\u00e9o de cultiver un lien fort avec les femmes tout en faisant un pied de nez \u00e0 la mode, encore frileuse quand il s\u2019agit d\u2019\u00eatre inclusive.&nbsp;<\/strong><\/p>\n\n\n\n<div class=\"wp-block-columns is-layout-flex wp-container-core-columns-is-layout-9d6595d7 wp-block-columns-is-layout-flex\">\n<div class=\"wp-block-column is-layout-flow wp-block-column-is-layout-flow\">\n<figure class=\"wp-block-image size-large\"><img loading=\"lazy\" decoding=\"async\" width=\"819\" height=\"1024\" src=\"https:\/\/sneakerspirit.courir.com\/fr\/wp-content\/uploads\/sites\/3\/2025\/06\/\ud83d\udca6-@chloebechini-in-our-Agnes-white-cotton-frilled-lace-blouse-and-matching-skirt-shot-in-Marseille-by-@guillaumegbrt-\ud83d\udca6\ud83e\udd0d-819x1024.jpg\" alt=\"\" class=\"wp-image-32073\" srcset=\"https:\/\/sneakerspirit.courir.com\/fr\/wp-content\/uploads\/sites\/3\/2025\/06\/\ud83d\udca6-@chloebechini-in-our-Agnes-white-cotton-frilled-lace-blouse-and-matching-skirt-shot-in-Marseille-by-@guillaumegbrt-\ud83d\udca6\ud83e\udd0d-819x1024.jpg 819w, https:\/\/sneakerspirit.courir.com\/fr\/wp-content\/uploads\/sites\/3\/2025\/06\/\ud83d\udca6-@chloebechini-in-our-Agnes-white-cotton-frilled-lace-blouse-and-matching-skirt-shot-in-Marseille-by-@guillaumegbrt-\ud83d\udca6\ud83e\udd0d-240x300.jpg 240w, https:\/\/sneakerspirit.courir.com\/fr\/wp-content\/uploads\/sites\/3\/2025\/06\/\ud83d\udca6-@chloebechini-in-our-Agnes-white-cotton-frilled-lace-blouse-and-matching-skirt-shot-in-Marseille-by-@guillaumegbrt-\ud83d\udca6\ud83e\udd0d-768x960.jpg 768w, https:\/\/sneakerspirit.courir.com\/fr\/wp-content\/uploads\/sites\/3\/2025\/06\/\ud83d\udca6-@chloebechini-in-our-Agnes-white-cotton-frilled-lace-blouse-and-matching-skirt-shot-in-Marseille-by-@guillaumegbrt-\ud83d\udca6\ud83e\udd0d.jpg 1080w\" sizes=\"auto, (max-width: 819px) 100vw, 819px\" \/><\/figure>\n<\/div>\n\n\n\n<div class=\"wp-block-column is-layout-flow wp-block-column-is-layout-flow\">\n<figure class=\"wp-block-image size-large\"><img loading=\"lazy\" decoding=\"async\" width=\"819\" height=\"1024\" src=\"https:\/\/sneakerspirit.courir.com\/fr\/wp-content\/uploads\/sites\/3\/2025\/06\/\ud83d\udca6-@chloebechini-in-our-Agnes-white-cotton-frilled-lace-blouse-and-matching-skirt-shot-in-Marseille-by-@guillaumegbrt-\ud83d\udca6\ud83e\udd0d-1-819x1024.jpg\" alt=\"\" class=\"wp-image-32074\" srcset=\"https:\/\/sneakerspirit.courir.com\/fr\/wp-content\/uploads\/sites\/3\/2025\/06\/\ud83d\udca6-@chloebechini-in-our-Agnes-white-cotton-frilled-lace-blouse-and-matching-skirt-shot-in-Marseille-by-@guillaumegbrt-\ud83d\udca6\ud83e\udd0d-1-819x1024.jpg 819w, https:\/\/sneakerspirit.courir.com\/fr\/wp-content\/uploads\/sites\/3\/2025\/06\/\ud83d\udca6-@chloebechini-in-our-Agnes-white-cotton-frilled-lace-blouse-and-matching-skirt-shot-in-Marseille-by-@guillaumegbrt-\ud83d\udca6\ud83e\udd0d-1-240x300.jpg 240w, https:\/\/sneakerspirit.courir.com\/fr\/wp-content\/uploads\/sites\/3\/2025\/06\/\ud83d\udca6-@chloebechini-in-our-Agnes-white-cotton-frilled-lace-blouse-and-matching-skirt-shot-in-Marseille-by-@guillaumegbrt-\ud83d\udca6\ud83e\udd0d-1-768x960.jpg 768w, https:\/\/sneakerspirit.courir.com\/fr\/wp-content\/uploads\/sites\/3\/2025\/06\/\ud83d\udca6-@chloebechini-in-our-Agnes-white-cotton-frilled-lace-blouse-and-matching-skirt-shot-in-Marseille-by-@guillaumegbrt-\ud83d\udca6\ud83e\udd0d-1.jpg 1080w\" sizes=\"auto, (max-width: 819px) 100vw, 819px\" \/><figcaption class=\"wp-element-caption\">@guillaumegbrt<\/figcaption><\/figure>\n<\/div>\n\n\n\n<div class=\"wp-block-column is-layout-flow wp-block-column-is-layout-flow\">\n<figure class=\"wp-block-image size-large\"><img loading=\"lazy\" decoding=\"async\" width=\"819\" height=\"1024\" src=\"https:\/\/sneakerspirit.courir.com\/fr\/wp-content\/uploads\/sites\/3\/2025\/06\/\ud83d\udca6-@chloebechini-in-our-Agnes-white-cotton-frilled-lace-blouse-and-matching-skirt-shot-in-Marseille-by-@guillaumegbrt-\ud83d\udca6\ud83e\udd0d-2-819x1024.jpg\" alt=\"\" class=\"wp-image-32075\" srcset=\"https:\/\/sneakerspirit.courir.com\/fr\/wp-content\/uploads\/sites\/3\/2025\/06\/\ud83d\udca6-@chloebechini-in-our-Agnes-white-cotton-frilled-lace-blouse-and-matching-skirt-shot-in-Marseille-by-@guillaumegbrt-\ud83d\udca6\ud83e\udd0d-2-819x1024.jpg 819w, https:\/\/sneakerspirit.courir.com\/fr\/wp-content\/uploads\/sites\/3\/2025\/06\/\ud83d\udca6-@chloebechini-in-our-Agnes-white-cotton-frilled-lace-blouse-and-matching-skirt-shot-in-Marseille-by-@guillaumegbrt-\ud83d\udca6\ud83e\udd0d-2-240x300.jpg 240w, https:\/\/sneakerspirit.courir.com\/fr\/wp-content\/uploads\/sites\/3\/2025\/06\/\ud83d\udca6-@chloebechini-in-our-Agnes-white-cotton-frilled-lace-blouse-and-matching-skirt-shot-in-Marseille-by-@guillaumegbrt-\ud83d\udca6\ud83e\udd0d-2-768x960.jpg 768w, https:\/\/sneakerspirit.courir.com\/fr\/wp-content\/uploads\/sites\/3\/2025\/06\/\ud83d\udca6-@chloebechini-in-our-Agnes-white-cotton-frilled-lace-blouse-and-matching-skirt-shot-in-Marseille-by-@guillaumegbrt-\ud83d\udca6\ud83e\udd0d-2.jpg 1080w\" sizes=\"auto, (max-width: 819px) 100vw, 819px\" \/><\/figure>\n<\/div>\n<\/div>\n\n\n\n<p>Avec \u00ab\u202fLa G\u00e2t\u00e9e\u202f\u00bb, MaisonCl\u00e9o signe bien plus qu\u2019un vestiaire estival : une d\u00e9claration d\u2019amour \u00e0 la M\u00e9diterran\u00e9e, aux corps pluriels et \u00e0 une mode responsable. En investissant la Porte d\u2019Orient, la marque a non seulement c\u00e9l\u00e9br\u00e9 un territoire, mais aussi une certaine vision de la f\u00e9minit\u00e9, toujours plurielle. <strong>Une ode au soleil, aux tissus anciens et aux \u00e9lans nouveaux \u2014 ceux d\u2019une mode qui, \u00e0 contre-courant de l\u2019industrie, trace son propre chemin.&nbsp;<\/strong><br><\/p>\n\n\n\n<p>Pour ne rien rater de cette Slow Fashion Week marseillaise, suivre @<a href=\"https:\/\/www.instagram.com\/slowfashionweekmarseille\/\">slowfashionweekmarseille<\/a>, @<a href=\"https:\/\/www.instagram.com\/villemarseille\/\">villemarseille<\/a> et @<a href=\"https:\/\/www.instagram.com\/baga.collectif\/\">baga.colectif<\/a>.<\/p>\n\n\n\n<p>Article de <strong>Julie Boone<\/strong>. <\/p>\n\n\n\n<p><br><\/p>\n","protected":false},"excerpt":{"rendered":"<p>\u00c0 l\u2019occasion de la premi\u00e8re Slow Fashion Week de Marseille organis\u00e9e par le collectif BAGA, la marque ind\u00e9pendante MaisonCl\u00e9o a pr\u00e9sent\u00e9 sa cinqui\u00e8me collection, \u00ab&nbsp;La G\u00e2t\u00e9e&nbsp;\u00bb, dans un d\u00e9cor embl\u00e9matique de la ville. Une parenth\u00e8se lumineuse alliant sensualit\u00e9 et savoir-faire fran\u00e7ais qui lance le coup d\u2019envoi de la saison estivale, plac\u00e9e sous le signe de [&hellip;]<\/p>\n","protected":false},"author":24,"featured_media":32072,"comment_status":"closed","ping_status":"closed","sticky":false,"template":"","format":"standard","meta":{"_et_pb_use_builder":"off","_et_pb_old_content":"","_et_gb_content_width":"","footnotes":""},"categories":[4060,122],"tags":[4111,4110,4112,350,4113,4108],"class_list":["post-32065","post","type-post","status-publish","format-standard","has-post-thumbnail","hentry","category-brands","category-fashion","tag-la-gatee","tag-maisoncleo","tag-marie-dewet","tag-marseille","tag-mode-durable","tag-slow-fashion-week","et-has-post-format-content","et_post_format-et-post-format-standard"],"yoast_head":"<!-- This site is optimized with the Yoast SEO plugin v27.3 - https:\/\/yoast.com\/product\/yoast-seo-wordpress\/ -->\n<title>MaisonCl\u00e9o d\u00e9file \u00e0 Marseille avec sa collection \u00ab\u00a0La G\u00e2t\u00e9e\u00a0\u00bb\u00a0 - Sneaker Spirit<\/title>\n<meta name=\"description\" content=\"MaisonCl\u00e9o pr\u00e9sente \u00ab\u202fLa G\u00e2t\u00e9e\u202f\u00bb \u00e0 Marseille : une collection solaire, \u00e9thique et inclusive d\u00e9voil\u00e9e lors de la premi\u00e8re Slow Fashion Week.\" \/>\n<meta name=\"robots\" content=\"index, follow, max-snippet:-1, max-image-preview:large, max-video-preview:-1\" \/>\n<link rel=\"canonical\" href=\"https:\/\/sneakerspirit.courir.com\/fr\/maisoncleo-defile-marseille-collection-la-gatee\/\" \/>\n<meta property=\"og:locale\" content=\"fr_FR\" \/>\n<meta property=\"og:type\" content=\"article\" \/>\n<meta property=\"og:title\" content=\"MaisonCl\u00e9o d\u00e9file \u00e0 Marseille avec sa collection \u00ab\u00a0La G\u00e2t\u00e9e\u00a0\u00bb\u00a0 - Sneaker Spirit\" \/>\n<meta property=\"og:description\" content=\"MaisonCl\u00e9o pr\u00e9sente \u00ab\u202fLa G\u00e2t\u00e9e\u202f\u00bb \u00e0 Marseille : une collection solaire, \u00e9thique et inclusive d\u00e9voil\u00e9e lors de la premi\u00e8re Slow Fashion Week.\" \/>\n<meta property=\"og:url\" content=\"https:\/\/sneakerspirit.courir.com\/fr\/maisoncleo-defile-marseille-collection-la-gatee\/\" \/>\n<meta property=\"og:site_name\" content=\"Sneaker Spirit\" \/>\n<meta property=\"article:published_time\" content=\"2025-06-11T07:45:23+00:00\" \/>\n<meta property=\"article:modified_time\" content=\"2025-06-11T07:45:25+00:00\" \/>\n<meta property=\"og:image\" content=\"https:\/\/sneakerspirit.courir.com\/fr\/wp-content\/uploads\/sites\/3\/2025\/06\/Beauty-@jadedebritolopesprestes-in-our-Vanessa-blouse-and-Sophia-matching-cotton-lace-skirt-\ud83e\udd79-shot-by-@emmaburlet-\ud83e\udd0d\ud83e\udd0d\ud83e\udd0d\ud83d\udc23.jpg\" \/>\n\t<meta property=\"og:image:width\" content=\"1080\" \/>\n\t<meta property=\"og:image:height\" content=\"722\" \/>\n\t<meta property=\"og:image:type\" content=\"image\/jpeg\" \/>\n<meta name=\"author\" content=\"mina\" \/>\n<meta name=\"twitter:card\" content=\"summary_large_image\" \/>\n<meta name=\"twitter:label1\" content=\"\u00c9crit par\" \/>\n\t<meta name=\"twitter:data1\" content=\"mina\" \/>\n\t<meta name=\"twitter:label2\" content=\"Dur\u00e9e de lecture estim\u00e9e\" \/>\n\t<meta name=\"twitter:data2\" content=\"6 minutes\" \/>\n<script type=\"application\/ld+json\" class=\"yoast-schema-graph\">{\"@context\":\"https:\\\/\\\/schema.org\",\"@graph\":[{\"@type\":\"NewsArticle\",\"@id\":\"https:\\\/\\\/sneakerspirit.courir.com\\\/fr\\\/maisoncleo-defile-marseille-collection-la-gatee\\\/#article\",\"isPartOf\":{\"@id\":\"https:\\\/\\\/sneakerspirit.courir.com\\\/fr\\\/maisoncleo-defile-marseille-collection-la-gatee\\\/\"},\"author\":{\"name\":\"mina\",\"@id\":\"https:\\\/\\\/sneakerspirit.courir.com\\\/fr\\\/#\\\/schema\\\/person\\\/30a8cea81093c00e2c875c9b886d7514\"},\"headline\":\"MaisonCl\u00e9o d\u00e9file \u00e0 Marseille avec sa collection \u00ab\u00a0La G\u00e2t\u00e9e\u00a0\u00bb\u00a0\",\"datePublished\":\"2025-06-11T07:45:23+00:00\",\"dateModified\":\"2025-06-11T07:45:25+00:00\",\"mainEntityOfPage\":{\"@id\":\"https:\\\/\\\/sneakerspirit.courir.com\\\/fr\\\/maisoncleo-defile-marseille-collection-la-gatee\\\/\"},\"wordCount\":875,\"publisher\":{\"@id\":\"https:\\\/\\\/sneakerspirit.courir.com\\\/fr\\\/#organization\"},\"image\":{\"@id\":\"https:\\\/\\\/sneakerspirit.courir.com\\\/fr\\\/maisoncleo-defile-marseille-collection-la-gatee\\\/#primaryimage\"},\"thumbnailUrl\":\"https:\\\/\\\/sneakerspirit.courir.com\\\/fr\\\/wp-content\\\/uploads\\\/sites\\\/3\\\/2025\\\/06\\\/Beauty-@jadedebritolopesprestes-in-our-Vanessa-blouse-and-Sophia-matching-cotton-lace-skirt-\ud83e\udd79-shot-by-@emmaburlet-\ud83e\udd0d\ud83e\udd0d\ud83e\udd0d\ud83d\udc23.jpg\",\"keywords\":[\"La G\u00e2t\u00e9e\",\"MaisonCl\u00e9o\",\"Marie Dewet\",\"marseille\",\"Mode durable\",\"Slow Fashion Week\"],\"articleSection\":[\"Brands\",\"Fashion\"],\"inLanguage\":\"fr-FR\"},{\"@type\":\"WebPage\",\"@id\":\"https:\\\/\\\/sneakerspirit.courir.com\\\/fr\\\/maisoncleo-defile-marseille-collection-la-gatee\\\/\",\"url\":\"https:\\\/\\\/sneakerspirit.courir.com\\\/fr\\\/maisoncleo-defile-marseille-collection-la-gatee\\\/\",\"name\":\"MaisonCl\u00e9o d\u00e9file \u00e0 Marseille avec sa collection \u00ab\u00a0La G\u00e2t\u00e9e\u00a0\u00bb\u00a0 - Sneaker Spirit\",\"isPartOf\":{\"@id\":\"https:\\\/\\\/sneakerspirit.courir.com\\\/fr\\\/#website\"},\"primaryImageOfPage\":{\"@id\":\"https:\\\/\\\/sneakerspirit.courir.com\\\/fr\\\/maisoncleo-defile-marseille-collection-la-gatee\\\/#primaryimage\"},\"image\":{\"@id\":\"https:\\\/\\\/sneakerspirit.courir.com\\\/fr\\\/maisoncleo-defile-marseille-collection-la-gatee\\\/#primaryimage\"},\"thumbnailUrl\":\"https:\\\/\\\/sneakerspirit.courir.com\\\/fr\\\/wp-content\\\/uploads\\\/sites\\\/3\\\/2025\\\/06\\\/Beauty-@jadedebritolopesprestes-in-our-Vanessa-blouse-and-Sophia-matching-cotton-lace-skirt-\ud83e\udd79-shot-by-@emmaburlet-\ud83e\udd0d\ud83e\udd0d\ud83e\udd0d\ud83d\udc23.jpg\",\"datePublished\":\"2025-06-11T07:45:23+00:00\",\"dateModified\":\"2025-06-11T07:45:25+00:00\",\"description\":\"MaisonCl\u00e9o pr\u00e9sente \u00ab\u202fLa G\u00e2t\u00e9e\u202f\u00bb \u00e0 Marseille : une collection solaire, \u00e9thique et inclusive d\u00e9voil\u00e9e lors de la premi\u00e8re Slow Fashion Week.\",\"breadcrumb\":{\"@id\":\"https:\\\/\\\/sneakerspirit.courir.com\\\/fr\\\/maisoncleo-defile-marseille-collection-la-gatee\\\/#breadcrumb\"},\"inLanguage\":\"fr-FR\",\"potentialAction\":[{\"@type\":\"ReadAction\",\"target\":[\"https:\\\/\\\/sneakerspirit.courir.com\\\/fr\\\/maisoncleo-defile-marseille-collection-la-gatee\\\/\"]}]},{\"@type\":\"ImageObject\",\"inLanguage\":\"fr-FR\",\"@id\":\"https:\\\/\\\/sneakerspirit.courir.com\\\/fr\\\/maisoncleo-defile-marseille-collection-la-gatee\\\/#primaryimage\",\"url\":\"https:\\\/\\\/sneakerspirit.courir.com\\\/fr\\\/wp-content\\\/uploads\\\/sites\\\/3\\\/2025\\\/06\\\/Beauty-@jadedebritolopesprestes-in-our-Vanessa-blouse-and-Sophia-matching-cotton-lace-skirt-\ud83e\udd79-shot-by-@emmaburlet-\ud83e\udd0d\ud83e\udd0d\ud83e\udd0d\ud83d\udc23.jpg\",\"contentUrl\":\"https:\\\/\\\/sneakerspirit.courir.com\\\/fr\\\/wp-content\\\/uploads\\\/sites\\\/3\\\/2025\\\/06\\\/Beauty-@jadedebritolopesprestes-in-our-Vanessa-blouse-and-Sophia-matching-cotton-lace-skirt-\ud83e\udd79-shot-by-@emmaburlet-\ud83e\udd0d\ud83e\udd0d\ud83e\udd0d\ud83d\udc23.jpg\",\"width\":1080,\"height\":722},{\"@type\":\"BreadcrumbList\",\"@id\":\"https:\\\/\\\/sneakerspirit.courir.com\\\/fr\\\/maisoncleo-defile-marseille-collection-la-gatee\\\/#breadcrumb\",\"itemListElement\":[{\"@type\":\"ListItem\",\"position\":1,\"name\":\"Accueil\",\"item\":\"https:\\\/\\\/sneakerspirit.courir.com\\\/fr\\\/\"},{\"@type\":\"ListItem\",\"position\":2,\"name\":\"Fashion\",\"item\":\"https:\\\/\\\/sneakerspirit.courir.com\\\/fr\\\/category\\\/fashion\\\/\"},{\"@type\":\"ListItem\",\"position\":3,\"name\":\"Brands\",\"item\":\"https:\\\/\\\/sneakerspirit.courir.com\\\/fr\\\/category\\\/fashion\\\/brands\\\/\"},{\"@type\":\"ListItem\",\"position\":4,\"name\":\"MaisonCl\u00e9o d\u00e9file \u00e0 Marseille avec sa collection \u00ab\u00a0La G\u00e2t\u00e9e\u00a0\u00bb\u00a0\"}]},{\"@type\":\"WebSite\",\"@id\":\"https:\\\/\\\/sneakerspirit.courir.com\\\/fr\\\/#website\",\"url\":\"https:\\\/\\\/sneakerspirit.courir.com\\\/fr\\\/\",\"name\":\"Sneaker Spirit\",\"description\":\"Culture Starts Here\",\"publisher\":{\"@id\":\"https:\\\/\\\/sneakerspirit.courir.com\\\/fr\\\/#organization\"},\"potentialAction\":[{\"@type\":\"SearchAction\",\"target\":{\"@type\":\"EntryPoint\",\"urlTemplate\":\"https:\\\/\\\/sneakerspirit.courir.com\\\/fr\\\/?s={search_term_string}\"},\"query-input\":{\"@type\":\"PropertyValueSpecification\",\"valueRequired\":true,\"valueName\":\"search_term_string\"}}],\"inLanguage\":\"fr-FR\"},{\"@type\":\"Organization\",\"@id\":\"https:\\\/\\\/sneakerspirit.courir.com\\\/fr\\\/#organization\",\"name\":\"Sneaker Spirit\",\"url\":\"https:\\\/\\\/sneakerspirit.courir.com\\\/fr\\\/\",\"logo\":{\"@type\":\"ImageObject\",\"inLanguage\":\"fr-FR\",\"@id\":\"https:\\\/\\\/sneakerspirit.courir.com\\\/fr\\\/#\\\/schema\\\/logo\\\/image\\\/\",\"url\":\"https:\\\/\\\/i0.wp.com\\\/sneakerspirit.courir.com\\\/fr\\\/wp-content\\\/uploads\\\/sites\\\/3\\\/2019\\\/10\\\/sneaker-spirit-logo-baseline-v2.png?fit=1200%2C521&ssl=1\",\"contentUrl\":\"https:\\\/\\\/i0.wp.com\\\/sneakerspirit.courir.com\\\/fr\\\/wp-content\\\/uploads\\\/sites\\\/3\\\/2019\\\/10\\\/sneaker-spirit-logo-baseline-v2.png?fit=1200%2C521&ssl=1\",\"width\":1200,\"height\":521,\"caption\":\"Sneaker Spirit\"},\"image\":{\"@id\":\"https:\\\/\\\/sneakerspirit.courir.com\\\/fr\\\/#\\\/schema\\\/logo\\\/image\\\/\"}},{\"@type\":\"Person\",\"@id\":\"https:\\\/\\\/sneakerspirit.courir.com\\\/fr\\\/#\\\/schema\\\/person\\\/30a8cea81093c00e2c875c9b886d7514\",\"name\":\"mina\"}]}<\/script>\n<!-- \/ Yoast SEO plugin. -->","yoast_head_json":{"title":"MaisonCl\u00e9o d\u00e9file \u00e0 Marseille avec sa collection \u00ab\u00a0La G\u00e2t\u00e9e\u00a0\u00bb\u00a0 - Sneaker Spirit","description":"MaisonCl\u00e9o pr\u00e9sente \u00ab\u202fLa G\u00e2t\u00e9e\u202f\u00bb \u00e0 Marseille : une collection solaire, \u00e9thique et inclusive d\u00e9voil\u00e9e lors de la premi\u00e8re Slow Fashion Week.","robots":{"index":"index","follow":"follow","max-snippet":"max-snippet:-1","max-image-preview":"max-image-preview:large","max-video-preview":"max-video-preview:-1"},"canonical":"https:\/\/sneakerspirit.courir.com\/fr\/maisoncleo-defile-marseille-collection-la-gatee\/","og_locale":"fr_FR","og_type":"article","og_title":"MaisonCl\u00e9o d\u00e9file \u00e0 Marseille avec sa collection \u00ab\u00a0La G\u00e2t\u00e9e\u00a0\u00bb\u00a0 - Sneaker Spirit","og_description":"MaisonCl\u00e9o pr\u00e9sente \u00ab\u202fLa G\u00e2t\u00e9e\u202f\u00bb \u00e0 Marseille : une collection solaire, \u00e9thique et inclusive d\u00e9voil\u00e9e lors de la premi\u00e8re Slow Fashion Week.","og_url":"https:\/\/sneakerspirit.courir.com\/fr\/maisoncleo-defile-marseille-collection-la-gatee\/","og_site_name":"Sneaker Spirit","article_published_time":"2025-06-11T07:45:23+00:00","article_modified_time":"2025-06-11T07:45:25+00:00","og_image":[{"width":1080,"height":722,"url":"https:\/\/sneakerspirit.courir.com\/fr\/wp-content\/uploads\/sites\/3\/2025\/06\/Beauty-@jadedebritolopesprestes-in-our-Vanessa-blouse-and-Sophia-matching-cotton-lace-skirt-\ud83e\udd79-shot-by-@emmaburlet-\ud83e\udd0d\ud83e\udd0d\ud83e\udd0d\ud83d\udc23.jpg","type":"image\/jpeg"}],"author":"mina","twitter_card":"summary_large_image","twitter_misc":{"\u00c9crit par":"mina","Dur\u00e9e de lecture estim\u00e9e":"6 minutes"},"schema":{"@context":"https:\/\/schema.org","@graph":[{"@type":"NewsArticle","@id":"https:\/\/sneakerspirit.courir.com\/fr\/maisoncleo-defile-marseille-collection-la-gatee\/#article","isPartOf":{"@id":"https:\/\/sneakerspirit.courir.com\/fr\/maisoncleo-defile-marseille-collection-la-gatee\/"},"author":{"name":"mina","@id":"https:\/\/sneakerspirit.courir.com\/fr\/#\/schema\/person\/30a8cea81093c00e2c875c9b886d7514"},"headline":"MaisonCl\u00e9o d\u00e9file \u00e0 Marseille avec sa collection \u00ab\u00a0La G\u00e2t\u00e9e\u00a0\u00bb\u00a0","datePublished":"2025-06-11T07:45:23+00:00","dateModified":"2025-06-11T07:45:25+00:00","mainEntityOfPage":{"@id":"https:\/\/sneakerspirit.courir.com\/fr\/maisoncleo-defile-marseille-collection-la-gatee\/"},"wordCount":875,"publisher":{"@id":"https:\/\/sneakerspirit.courir.com\/fr\/#organization"},"image":{"@id":"https:\/\/sneakerspirit.courir.com\/fr\/maisoncleo-defile-marseille-collection-la-gatee\/#primaryimage"},"thumbnailUrl":"https:\/\/sneakerspirit.courir.com\/fr\/wp-content\/uploads\/sites\/3\/2025\/06\/Beauty-@jadedebritolopesprestes-in-our-Vanessa-blouse-and-Sophia-matching-cotton-lace-skirt-\ud83e\udd79-shot-by-@emmaburlet-\ud83e\udd0d\ud83e\udd0d\ud83e\udd0d\ud83d\udc23.jpg","keywords":["La G\u00e2t\u00e9e","MaisonCl\u00e9o","Marie Dewet","marseille","Mode durable","Slow Fashion Week"],"articleSection":["Brands","Fashion"],"inLanguage":"fr-FR"},{"@type":"WebPage","@id":"https:\/\/sneakerspirit.courir.com\/fr\/maisoncleo-defile-marseille-collection-la-gatee\/","url":"https:\/\/sneakerspirit.courir.com\/fr\/maisoncleo-defile-marseille-collection-la-gatee\/","name":"MaisonCl\u00e9o d\u00e9file \u00e0 Marseille avec sa collection \u00ab\u00a0La G\u00e2t\u00e9e\u00a0\u00bb\u00a0 - Sneaker Spirit","isPartOf":{"@id":"https:\/\/sneakerspirit.courir.com\/fr\/#website"},"primaryImageOfPage":{"@id":"https:\/\/sneakerspirit.courir.com\/fr\/maisoncleo-defile-marseille-collection-la-gatee\/#primaryimage"},"image":{"@id":"https:\/\/sneakerspirit.courir.com\/fr\/maisoncleo-defile-marseille-collection-la-gatee\/#primaryimage"},"thumbnailUrl":"https:\/\/sneakerspirit.courir.com\/fr\/wp-content\/uploads\/sites\/3\/2025\/06\/Beauty-@jadedebritolopesprestes-in-our-Vanessa-blouse-and-Sophia-matching-cotton-lace-skirt-\ud83e\udd79-shot-by-@emmaburlet-\ud83e\udd0d\ud83e\udd0d\ud83e\udd0d\ud83d\udc23.jpg","datePublished":"2025-06-11T07:45:23+00:00","dateModified":"2025-06-11T07:45:25+00:00","description":"MaisonCl\u00e9o pr\u00e9sente \u00ab\u202fLa G\u00e2t\u00e9e\u202f\u00bb \u00e0 Marseille : une collection solaire, \u00e9thique et inclusive d\u00e9voil\u00e9e lors de la premi\u00e8re Slow Fashion Week.","breadcrumb":{"@id":"https:\/\/sneakerspirit.courir.com\/fr\/maisoncleo-defile-marseille-collection-la-gatee\/#breadcrumb"},"inLanguage":"fr-FR","potentialAction":[{"@type":"ReadAction","target":["https:\/\/sneakerspirit.courir.com\/fr\/maisoncleo-defile-marseille-collection-la-gatee\/"]}]},{"@type":"ImageObject","inLanguage":"fr-FR","@id":"https:\/\/sneakerspirit.courir.com\/fr\/maisoncleo-defile-marseille-collection-la-gatee\/#primaryimage","url":"https:\/\/sneakerspirit.courir.com\/fr\/wp-content\/uploads\/sites\/3\/2025\/06\/Beauty-@jadedebritolopesprestes-in-our-Vanessa-blouse-and-Sophia-matching-cotton-lace-skirt-\ud83e\udd79-shot-by-@emmaburlet-\ud83e\udd0d\ud83e\udd0d\ud83e\udd0d\ud83d\udc23.jpg","contentUrl":"https:\/\/sneakerspirit.courir.com\/fr\/wp-content\/uploads\/sites\/3\/2025\/06\/Beauty-@jadedebritolopesprestes-in-our-Vanessa-blouse-and-Sophia-matching-cotton-lace-skirt-\ud83e\udd79-shot-by-@emmaburlet-\ud83e\udd0d\ud83e\udd0d\ud83e\udd0d\ud83d\udc23.jpg","width":1080,"height":722},{"@type":"BreadcrumbList","@id":"https:\/\/sneakerspirit.courir.com\/fr\/maisoncleo-defile-marseille-collection-la-gatee\/#breadcrumb","itemListElement":[{"@type":"ListItem","position":1,"name":"Accueil","item":"https:\/\/sneakerspirit.courir.com\/fr\/"},{"@type":"ListItem","position":2,"name":"Fashion","item":"https:\/\/sneakerspirit.courir.com\/fr\/category\/fashion\/"},{"@type":"ListItem","position":3,"name":"Brands","item":"https:\/\/sneakerspirit.courir.com\/fr\/category\/fashion\/brands\/"},{"@type":"ListItem","position":4,"name":"MaisonCl\u00e9o d\u00e9file \u00e0 Marseille avec sa collection \u00ab\u00a0La G\u00e2t\u00e9e\u00a0\u00bb\u00a0"}]},{"@type":"WebSite","@id":"https:\/\/sneakerspirit.courir.com\/fr\/#website","url":"https:\/\/sneakerspirit.courir.com\/fr\/","name":"Sneaker Spirit","description":"Culture Starts Here","publisher":{"@id":"https:\/\/sneakerspirit.courir.com\/fr\/#organization"},"potentialAction":[{"@type":"SearchAction","target":{"@type":"EntryPoint","urlTemplate":"https:\/\/sneakerspirit.courir.com\/fr\/?s={search_term_string}"},"query-input":{"@type":"PropertyValueSpecification","valueRequired":true,"valueName":"search_term_string"}}],"inLanguage":"fr-FR"},{"@type":"Organization","@id":"https:\/\/sneakerspirit.courir.com\/fr\/#organization","name":"Sneaker Spirit","url":"https:\/\/sneakerspirit.courir.com\/fr\/","logo":{"@type":"ImageObject","inLanguage":"fr-FR","@id":"https:\/\/sneakerspirit.courir.com\/fr\/#\/schema\/logo\/image\/","url":"https:\/\/i0.wp.com\/sneakerspirit.courir.com\/fr\/wp-content\/uploads\/sites\/3\/2019\/10\/sneaker-spirit-logo-baseline-v2.png?fit=1200%2C521&ssl=1","contentUrl":"https:\/\/i0.wp.com\/sneakerspirit.courir.com\/fr\/wp-content\/uploads\/sites\/3\/2019\/10\/sneaker-spirit-logo-baseline-v2.png?fit=1200%2C521&ssl=1","width":1200,"height":521,"caption":"Sneaker Spirit"},"image":{"@id":"https:\/\/sneakerspirit.courir.com\/fr\/#\/schema\/logo\/image\/"}},{"@type":"Person","@id":"https:\/\/sneakerspirit.courir.com\/fr\/#\/schema\/person\/30a8cea81093c00e2c875c9b886d7514","name":"mina"}]}},"_links":{"self":[{"href":"https:\/\/sneakerspirit.courir.com\/fr\/wp-json\/wp\/v2\/posts\/32065","targetHints":{"allow":["GET"]}}],"collection":[{"href":"https:\/\/sneakerspirit.courir.com\/fr\/wp-json\/wp\/v2\/posts"}],"about":[{"href":"https:\/\/sneakerspirit.courir.com\/fr\/wp-json\/wp\/v2\/types\/post"}],"author":[{"embeddable":true,"href":"https:\/\/sneakerspirit.courir.com\/fr\/wp-json\/wp\/v2\/users\/24"}],"replies":[{"embeddable":true,"href":"https:\/\/sneakerspirit.courir.com\/fr\/wp-json\/wp\/v2\/comments?post=32065"}],"version-history":[{"count":3,"href":"https:\/\/sneakerspirit.courir.com\/fr\/wp-json\/wp\/v2\/posts\/32065\/revisions"}],"predecessor-version":[{"id":32077,"href":"https:\/\/sneakerspirit.courir.com\/fr\/wp-json\/wp\/v2\/posts\/32065\/revisions\/32077"}],"wp:featuredmedia":[{"embeddable":true,"href":"https:\/\/sneakerspirit.courir.com\/fr\/wp-json\/wp\/v2\/media\/32072"}],"wp:attachment":[{"href":"https:\/\/sneakerspirit.courir.com\/fr\/wp-json\/wp\/v2\/media?parent=32065"}],"wp:term":[{"taxonomy":"category","embeddable":true,"href":"https:\/\/sneakerspirit.courir.com\/fr\/wp-json\/wp\/v2\/categories?post=32065"},{"taxonomy":"post_tag","embeddable":true,"href":"https:\/\/sneakerspirit.courir.com\/fr\/wp-json\/wp\/v2\/tags?post=32065"}],"curies":[{"name":"wp","href":"https:\/\/api.w.org\/{rel}","templated":true}]}}