{"id":33525,"date":"2025-11-27T07:27:00","date_gmt":"2025-11-27T07:27:00","guid":{"rendered":"https:\/\/sneakerspirit.courir.com\/fr\/?p=33525"},"modified":"2025-12-02T10:37:45","modified_gmt":"2025-12-02T10:37:45","slug":"mode-tendance-chapeau-marin-gen-z","status":"publish","type":"post","link":"https:\/\/sneakerspirit.courir.com\/fr\/mode-tendance-chapeau-marin-gen-z\/","title":{"rendered":"Chapeau de marin : le nouvel accessoire pr\u00e9f\u00e9r\u00e9 de la Gen Z"},"content":{"rendered":"\n<blockquote class=\"wp-block-quote is-layout-flow wp-block-quote-is-layout-flow\">\n<p><em>Longtemps associ\u00e9 \u00e0 l\u2019uniforme masculin, l\u2019accessoire est d\u00e9sormais r\u00e9appropri\u00e9 par une g\u00e9n\u00e9ration qui brouille les fronti\u00e8res du genre. Entre performance, identit\u00e9 et clin d\u2019\u0153il \u00e0 Gaultier, son revival illustre une mode plus libre que jamais.<\/em><\/p>\n<\/blockquote>\n\n\n\n<p><\/p>\n\n\n\n<h2 class=\"wp-block-heading\"><strong>Un <em>revival<\/em> viral sur TikTok\u00a0<\/strong><\/h2>\n\n\n\n<p>Depuis septembre, TikTok voit fleurir une multitude de DIY consacr\u00e9s au chapeau de marin. Un ph\u00e9nom\u00e8ne inattendu, port\u00e9 par des utilisateurs qui s\u2019inspirent ouvertement de l\u2019univers de <strong>Jean-Paul Gaultier<\/strong>, ma\u00eetre absolu du <em>sailor look<\/em>. Une cr\u00e9atrice de contenu cite m\u00eame directement la collection couture printemps-\u00e9t\u00e9 2024 de la maison, sign\u00e9e <strong>Simone Rocha<\/strong>, o\u00f9 le chapeau de marin s\u2019impose comme un accessoire <strong>n\u00e9o-romantique<\/strong>.&nbsp;<\/p>\n\n\n\n<div class=\"wp-block-columns is-layout-flex wp-container-core-columns-is-layout-9d6595d7 wp-block-columns-is-layout-flex\">\n<div class=\"wp-block-column is-layout-flow wp-block-column-is-layout-flow\">\n<figure class=\"wp-block-image size-large\"><img loading=\"lazy\" decoding=\"async\" width=\"683\" height=\"1024\" src=\"https:\/\/sneakerspirit.courir.com\/fr\/wp-content\/uploads\/sites\/3\/2025\/11\/gaultier-S24-1-683x1024.jpeg\" alt=\"\" class=\"wp-image-33533\" srcset=\"https:\/\/sneakerspirit.courir.com\/fr\/wp-content\/uploads\/sites\/3\/2025\/11\/gaultier-S24-1-683x1024.jpeg 683w, https:\/\/sneakerspirit.courir.com\/fr\/wp-content\/uploads\/sites\/3\/2025\/11\/gaultier-S24-1-200x300.jpeg 200w, https:\/\/sneakerspirit.courir.com\/fr\/wp-content\/uploads\/sites\/3\/2025\/11\/gaultier-S24-1-768x1152.jpeg 768w, https:\/\/sneakerspirit.courir.com\/fr\/wp-content\/uploads\/sites\/3\/2025\/11\/gaultier-S24-1.jpeg 960w\" sizes=\"auto, (max-width: 683px) 100vw, 683px\" \/><\/figure>\n<\/div>\n\n\n\n<div class=\"wp-block-column is-layout-flow wp-block-column-is-layout-flow\">\n<figure class=\"wp-block-image size-large\"><img loading=\"lazy\" decoding=\"async\" width=\"683\" height=\"1024\" src=\"https:\/\/sneakerspirit.courir.com\/fr\/wp-content\/uploads\/sites\/3\/2025\/11\/gaultier-S24-3-683x1024.jpeg\" alt=\"\" class=\"wp-image-33531\" srcset=\"https:\/\/sneakerspirit.courir.com\/fr\/wp-content\/uploads\/sites\/3\/2025\/11\/gaultier-S24-3-683x1024.jpeg 683w, https:\/\/sneakerspirit.courir.com\/fr\/wp-content\/uploads\/sites\/3\/2025\/11\/gaultier-S24-3-200x300.jpeg 200w, https:\/\/sneakerspirit.courir.com\/fr\/wp-content\/uploads\/sites\/3\/2025\/11\/gaultier-S24-3.jpeg 736w\" sizes=\"auto, (max-width: 683px) 100vw, 683px\" \/><figcaption class=\"wp-element-caption\">@jeanpaulgaultier by @simonerocha<\/figcaption><\/figure>\n<\/div>\n\n\n\n<div class=\"wp-block-column is-layout-flow wp-block-column-is-layout-flow\">\n<figure class=\"wp-block-image size-large\"><img loading=\"lazy\" decoding=\"async\" width=\"683\" height=\"1024\" src=\"https:\/\/sneakerspirit.courir.com\/fr\/wp-content\/uploads\/sites\/3\/2025\/11\/gaultier-S24-2-683x1024.jpeg\" alt=\"\" class=\"wp-image-33532\" srcset=\"https:\/\/sneakerspirit.courir.com\/fr\/wp-content\/uploads\/sites\/3\/2025\/11\/gaultier-S24-2-683x1024.jpeg 683w, https:\/\/sneakerspirit.courir.com\/fr\/wp-content\/uploads\/sites\/3\/2025\/11\/gaultier-S24-2-200x300.jpeg 200w, https:\/\/sneakerspirit.courir.com\/fr\/wp-content\/uploads\/sites\/3\/2025\/11\/gaultier-S24-2-768x1152.jpeg 768w, https:\/\/sneakerspirit.courir.com\/fr\/wp-content\/uploads\/sites\/3\/2025\/11\/gaultier-S24-2-1024x1536.jpeg 1024w, https:\/\/sneakerspirit.courir.com\/fr\/wp-content\/uploads\/sites\/3\/2025\/11\/gaultier-S24-2-1080x1620.jpeg 1080w, https:\/\/sneakerspirit.courir.com\/fr\/wp-content\/uploads\/sites\/3\/2025\/11\/gaultier-S24-2.jpeg 1200w\" sizes=\"auto, (max-width: 683px) 100vw, 683px\" \/><\/figure>\n<\/div>\n<\/div>\n\n\n\n<p>Bien que cette r\u00e9f\u00e9rence couture demeure inaccessible au grand public, <strong>la tendance se d\u00e9mocratise <\/strong>gr\u00e2ce au DIY : fabriquer soi-m\u00eame un chapeau de marin devient un <strong>geste cr\u00e9atif<\/strong> anti-consum\u00e9riste. La pi\u00e8ce n\u00e9cessite peu de mati\u00e8re premi\u00e8re et peut \u00eatre r\u00e9alis\u00e9e \u00e0 partir de chutes de tissu, ce qui la rend \u00e0 la fois \u00e9conomique, ultra-personnalisable et durable.<\/p>\n\n\n\n<p>Cette <strong>approche artisanale contraste avec l\u2019\u00e9volution r\u00e9cente de TikTok<\/strong>, devenue une v\u00e9ritable plateforme d\u2019achat. Le fait que la tendance prenne la forme d\u2019une pratique manuelle \u2013 plut\u00f4t que d\u2019une course aux nouveaut\u00e9s \u2013 est suffisamment rare pour \u00eatre soulign\u00e9. Dans la m\u00eame veine, certaines marques responsables, comme <strong>Salt hats<\/strong>, proposent des versions con\u00e7ues \u00e0 partir de textiles de seconde main, renfor\u00e7ant l\u2019id\u00e9e que <strong>le chapeau de marin n\u2019est pas seulement un objet de mode mais aussi un support d\u2019exp\u00e9rimentation durable<\/strong>.<\/p>\n\n\n\n<p><\/p>\n\n\n\n<h2 class=\"wp-block-heading\"><strong>Un \u00e9l\u00e9ment signature du <em>sailor look<\/em> Jean-Paul Gaultier\u00a0<\/strong><\/h2>\n\n\n\n<p>Si le chapeau de marin conna\u00eet aujourd\u2019hui un retour triomphal, c\u2019est en grande partie gr\u00e2ce \u00e0 l\u2019h\u00e9ritage de Jean-Paul Gaultier. En <strong>1983<\/strong>, le cr\u00e9ateur pr\u00e9sente sa collection masculine \u00ab L\u2019Homme objet \u00bb, un <strong>tournant majeur dans sa carri\u00e8re<\/strong>. C\u2019est \u00e0 cette occasion qu\u2019<strong>il introduit sa propre version de la marini\u00e8re, revisitant une pi\u00e8ce d\u00e9j\u00e0 popularis\u00e9e par Coco Chanel puis Yves Saint Laurent<\/strong>, et qu\u2019il commence \u00e0 fa\u00e7onner ce qui deviendra l\u2019un de ses \u00e9l\u00e9ments signatures les plus puissants : la silhouette de marin.<\/p>\n\n\n\n<div class=\"wp-block-columns is-layout-flex wp-container-core-columns-is-layout-9d6595d7 wp-block-columns-is-layout-flex\">\n<div class=\"wp-block-column is-layout-flow wp-block-column-is-layout-flow\">\n<figure class=\"wp-block-image size-large\"><img loading=\"lazy\" decoding=\"async\" width=\"683\" height=\"1024\" src=\"https:\/\/sneakerspirit.courir.com\/fr\/wp-content\/uploads\/sites\/3\/2025\/11\/gaultier-1-683x1024.jpeg\" alt=\"\" class=\"wp-image-33536\" srcset=\"https:\/\/sneakerspirit.courir.com\/fr\/wp-content\/uploads\/sites\/3\/2025\/11\/gaultier-1-683x1024.jpeg 683w, https:\/\/sneakerspirit.courir.com\/fr\/wp-content\/uploads\/sites\/3\/2025\/11\/gaultier-1-200x300.jpeg 200w, https:\/\/sneakerspirit.courir.com\/fr\/wp-content\/uploads\/sites\/3\/2025\/11\/gaultier-1-768x1152.jpeg 768w, https:\/\/sneakerspirit.courir.com\/fr\/wp-content\/uploads\/sites\/3\/2025\/11\/gaultier-1-1024x1536.jpeg 1024w, https:\/\/sneakerspirit.courir.com\/fr\/wp-content\/uploads\/sites\/3\/2025\/11\/gaultier-1-1080x1620.jpeg 1080w, https:\/\/sneakerspirit.courir.com\/fr\/wp-content\/uploads\/sites\/3\/2025\/11\/gaultier-1.jpeg 1200w\" sizes=\"auto, (max-width: 683px) 100vw, 683px\" \/><\/figure>\n<\/div>\n\n\n\n<div class=\"wp-block-column is-layout-flow wp-block-column-is-layout-flow\">\n<figure class=\"wp-block-image size-full\"><img loading=\"lazy\" decoding=\"async\" width=\"320\" height=\"480\" src=\"https:\/\/sneakerspirit.courir.com\/fr\/wp-content\/uploads\/sites\/3\/2025\/11\/gaultier-3.jpeg\" alt=\"\" class=\"wp-image-33534\" srcset=\"https:\/\/sneakerspirit.courir.com\/fr\/wp-content\/uploads\/sites\/3\/2025\/11\/gaultier-3.jpeg 320w, https:\/\/sneakerspirit.courir.com\/fr\/wp-content\/uploads\/sites\/3\/2025\/11\/gaultier-3-200x300.jpeg 200w\" sizes=\"auto, (max-width: 320px) 100vw, 320px\" \/><figcaption class=\"wp-element-caption\">@jeanpaulgaultier<\/figcaption><\/figure>\n<\/div>\n\n\n\n<div class=\"wp-block-column is-layout-flow wp-block-column-is-layout-flow\">\n<figure class=\"wp-block-image size-large\"><img loading=\"lazy\" decoding=\"async\" width=\"683\" height=\"1024\" src=\"https:\/\/sneakerspirit.courir.com\/fr\/wp-content\/uploads\/sites\/3\/2025\/11\/gaultier-2-683x1024.jpeg\" alt=\"\" class=\"wp-image-33535\" srcset=\"https:\/\/sneakerspirit.courir.com\/fr\/wp-content\/uploads\/sites\/3\/2025\/11\/gaultier-2-683x1024.jpeg 683w, https:\/\/sneakerspirit.courir.com\/fr\/wp-content\/uploads\/sites\/3\/2025\/11\/gaultier-2-200x300.jpeg 200w, https:\/\/sneakerspirit.courir.com\/fr\/wp-content\/uploads\/sites\/3\/2025\/11\/gaultier-2.jpeg 736w\" sizes=\"auto, (max-width: 683px) 100vw, 683px\" \/><\/figure>\n<\/div>\n<\/div>\n\n\n\n<p>Aux c\u00f4t\u00e9s de la marini\u00e8re, <strong>d\u00e9clin\u00e9 depuis sur les podiums, les campagnes publicitaires et m\u00eame les flacons de parfum de la maison<\/strong>, le chapeau de marin s\u2019impose comme un accessoire iconique. La marque continue de le r\u00e9interpr\u00e9ter aujourd\u2019hui \u2014 en cuir, en jeans ou \u00e0 rayures \u2014 en en faisant un signe de reconnaissance imm\u00e9diat de l\u2019esth\u00e9tique Gaultier. Le <em>sailor look<\/em>, revisit\u00e9 par le cr\u00e9ateur, permet de <strong>redistribuer les cartes de la virilit\u00e9<\/strong> en en proposant une version <em>queer<\/em>.<\/p>\n\n\n\n<p><\/p>\n\n\n\n<h2 class=\"wp-block-heading\"><strong>Une pi\u00e8ce unisexe r\u00e9interpr\u00e9t\u00e9e par la <em>Gen Z<\/em><\/strong><\/h2>\n\n\n\n<p>Le retour du chapeau de marin doit aussi se lire \u00e0 travers un prisme de genre. H\u00e9rit\u00e9 de l\u2019imagerie Jean-Paul Gaultier, il porte une charge symbolique forte, li\u00e9e au brouillage des genres et \u00e0 l\u2019expression queer. Depuis les ann\u00e9es 1980, <strong>Gaultier utilise le <\/strong><strong><em>sailor look<\/em><\/strong><strong> pour interroger la masculinit\u00e9<\/strong> : uniforme viril et militaire avec une dimension th\u00e9\u00e2trale, presque <em>camp<\/em>. En int\u00e9grant le chapeau de marin \u00e0 ses silhouettes, il en fait un <strong>accessoire ambigu<\/strong>.<\/p>\n\n\n\n<p>Aujourd\u2019hui, cette dimension est pleinement r\u00e9investie par la <em>Gen Z<\/em>, qui l\u2019adopte comme une pi\u00e8ce <em>gender-fluid<\/em>. Sur TikTok comme dans les d\u00e9fil\u00e9s de jeunes cr\u00e9ateurs, <strong>le chapeau de marin appara\u00eet dans des contextes o\u00f9 le genre est volontairement questionn\u00e9<\/strong> : port\u00e9 avec des robes transparentes, des costumes XXL, des ensembles romantiques ou des looks <em>streetwear<\/em>, il devient un v\u00e9ritable symbole.&nbsp;<\/p>\n\n\n\n<div class=\"wp-block-columns is-layout-flex wp-container-core-columns-is-layout-9d6595d7 wp-block-columns-is-layout-flex\">\n<div class=\"wp-block-column is-layout-flow wp-block-column-is-layout-flow\">\n<figure class=\"wp-block-image size-full\"><img loading=\"lazy\" decoding=\"async\" width=\"736\" height=\"920\" src=\"https:\/\/sneakerspirit.courir.com\/fr\/wp-content\/uploads\/sites\/3\/2025\/11\/sailor-hats-outfit-3-@mahorobb.jpeg\" alt=\"\" class=\"wp-image-33528\" srcset=\"https:\/\/sneakerspirit.courir.com\/fr\/wp-content\/uploads\/sites\/3\/2025\/11\/sailor-hats-outfit-3-@mahorobb.jpeg 736w, https:\/\/sneakerspirit.courir.com\/fr\/wp-content\/uploads\/sites\/3\/2025\/11\/sailor-hats-outfit-3-@mahorobb-240x300.jpeg 240w\" sizes=\"auto, (max-width: 736px) 100vw, 736px\" \/><\/figure>\n<\/div>\n\n\n\n<div class=\"wp-block-column is-layout-flow wp-block-column-is-layout-flow\">\n<figure class=\"wp-block-image size-full\"><img loading=\"lazy\" decoding=\"async\" width=\"736\" height=\"920\" src=\"https:\/\/sneakerspirit.courir.com\/fr\/wp-content\/uploads\/sites\/3\/2025\/11\/sailor-hats-outfit-2-@ageorama.jpeg\" alt=\"\" class=\"wp-image-33529\" srcset=\"https:\/\/sneakerspirit.courir.com\/fr\/wp-content\/uploads\/sites\/3\/2025\/11\/sailor-hats-outfit-2-@ageorama.jpeg 736w, https:\/\/sneakerspirit.courir.com\/fr\/wp-content\/uploads\/sites\/3\/2025\/11\/sailor-hats-outfit-2-@ageorama-240x300.jpeg 240w\" sizes=\"auto, (max-width: 736px) 100vw, 736px\" \/><\/figure>\n<\/div>\n<\/div>\n\n\n\n<p><strong>L&rsquo;accessoire fonctionne presque comme un costume<\/strong> : il permet de se glisser dans la peau d\u2019un personnage et d\u2019explorer des identit\u00e9s multiples. Pour beaucoup d\u2019utilisateurs de TikTok, particuli\u00e8rement dans les communaut\u00e9s <em>queer<\/em>, il est un objet d\u2019\u00e9mancipation mais aussi de r\u00e9appropriation culturelle \u2014 <strong>un clin d\u2019\u0153il \u00e0 Gaultier, figure iconique de la mode <\/strong><strong><em>queer<\/em><\/strong><strong> et pionnier dans la visibilit\u00e9 LGBTQIA+ sur les podiums.<\/strong><\/p>\n\n\n\n<p>Dans ce contexte, <strong>le chapeau de marin d\u00e9passe le simple statut d\u2019accessoire tendance<\/strong>. Il devient une surface d\u2019expression politique tout en \u00e9tant la somme des ann\u00e9es de cr\u00e9ation de la maison Gaultier, d\u00e9sormais entre les mains de <strong>Duran Lantik<\/strong>. Et si un accessoire h\u00e9rit\u00e9 de la couture devenait l\u2019<strong>\u00e9tendard d\u2019une g\u00e9n\u00e9ration DIY ?\u00a0<\/strong><\/p>\n\n\n\n<p>Article de <strong>Julie Boone<\/strong>.<\/p>\n","protected":false},"excerpt":{"rendered":"<p>Longtemps associ\u00e9 \u00e0 l\u2019uniforme masculin, l\u2019accessoire est d\u00e9sormais r\u00e9appropri\u00e9 par une g\u00e9n\u00e9ration qui brouille les fronti\u00e8res du genre. Entre performance, identit\u00e9 et clin d\u2019\u0153il \u00e0 Gaultier, son revival illustre une mode plus libre que jamais. Un revival viral sur TikTok\u00a0 Depuis septembre, TikTok voit fleurir une multitude de DIY consacr\u00e9s au chapeau de marin. Un [&hellip;]<\/p>\n","protected":false},"author":24,"featured_media":33527,"comment_status":"closed","ping_status":"closed","sticky":false,"template":"","format":"standard","meta":{"_et_pb_use_builder":"off","_et_pb_old_content":"","_et_gb_content_width":"","footnotes":""},"categories":[4060,122,4058],"tags":[4557,4374,4285,4559,4558,2472],"class_list":["post-33525","post","type-post","status-publish","format-standard","has-post-thumbnail","hentry","category-brands","category-fashion","category-style","tag-chapeau-de-marin","tag-jean-paul-gaultier-2","tag-jpg","tag-mariniere","tag-sailor-hat","tag-simone-rocha","et-has-post-format-content","et_post_format-et-post-format-standard"],"yoast_head":"<!-- This site is optimized with the Yoast SEO plugin v27.3 - https:\/\/yoast.com\/product\/yoast-seo-wordpress\/ -->\n<title>Chapeau de marin : le nouvel accessoire pr\u00e9f\u00e9r\u00e9 de la Gen Z - Sneaker Spirit<\/title>\n<meta name=\"description\" content=\"Le chapeau de marin fait son grand retour sur TikTok. D\u00e9couvrez comment la Gen Z r\u00e9invente ce classique iconique de la mode.\" \/>\n<meta name=\"robots\" content=\"index, follow, max-snippet:-1, max-image-preview:large, max-video-preview:-1\" \/>\n<link rel=\"canonical\" href=\"https:\/\/sneakerspirit.courir.com\/fr\/mode-tendance-chapeau-marin-gen-z\/\" \/>\n<meta property=\"og:locale\" content=\"fr_FR\" \/>\n<meta property=\"og:type\" content=\"article\" \/>\n<meta property=\"og:title\" content=\"Chapeau de marin : le nouvel accessoire pr\u00e9f\u00e9r\u00e9 de la Gen Z - Sneaker Spirit\" \/>\n<meta property=\"og:description\" content=\"Le chapeau de marin fait son grand retour sur TikTok. D\u00e9couvrez comment la Gen Z r\u00e9invente ce classique iconique de la mode.\" \/>\n<meta property=\"og:url\" content=\"https:\/\/sneakerspirit.courir.com\/fr\/mode-tendance-chapeau-marin-gen-z\/\" \/>\n<meta property=\"og:site_name\" content=\"Sneaker Spirit\" \/>\n<meta property=\"article:published_time\" content=\"2025-11-27T07:27:00+00:00\" \/>\n<meta property=\"article:modified_time\" content=\"2025-12-02T10:37:45+00:00\" \/>\n<meta property=\"og:image\" content=\"https:\/\/sneakerspirit.courir.com\/fr\/wp-content\/uploads\/sites\/3\/2025\/11\/cover-1-e1764671854182.jpeg\" \/>\n\t<meta property=\"og:image:width\" content=\"1120\" \/>\n\t<meta property=\"og:image:height\" content=\"810\" \/>\n\t<meta property=\"og:image:type\" content=\"image\/jpeg\" \/>\n<meta name=\"author\" content=\"mina\" \/>\n<meta name=\"twitter:card\" content=\"summary_large_image\" \/>\n<meta name=\"twitter:label1\" content=\"\u00c9crit par\" \/>\n\t<meta name=\"twitter:data1\" content=\"mina\" \/>\n\t<meta name=\"twitter:label2\" content=\"Dur\u00e9e de lecture estim\u00e9e\" \/>\n\t<meta name=\"twitter:data2\" content=\"6 minutes\" \/>\n<script type=\"application\/ld+json\" class=\"yoast-schema-graph\">{\"@context\":\"https:\\\/\\\/schema.org\",\"@graph\":[{\"@type\":\"NewsArticle\",\"@id\":\"https:\\\/\\\/sneakerspirit.courir.com\\\/fr\\\/mode-tendance-chapeau-marin-gen-z\\\/#article\",\"isPartOf\":{\"@id\":\"https:\\\/\\\/sneakerspirit.courir.com\\\/fr\\\/mode-tendance-chapeau-marin-gen-z\\\/\"},\"author\":{\"name\":\"mina\",\"@id\":\"https:\\\/\\\/sneakerspirit.courir.com\\\/fr\\\/#\\\/schema\\\/person\\\/30a8cea81093c00e2c875c9b886d7514\"},\"headline\":\"Chapeau de marin : le nouvel accessoire pr\u00e9f\u00e9r\u00e9 de la Gen Z\",\"datePublished\":\"2025-11-27T07:27:00+00:00\",\"dateModified\":\"2025-12-02T10:37:45+00:00\",\"mainEntityOfPage\":{\"@id\":\"https:\\\/\\\/sneakerspirit.courir.com\\\/fr\\\/mode-tendance-chapeau-marin-gen-z\\\/\"},\"wordCount\":786,\"publisher\":{\"@id\":\"https:\\\/\\\/sneakerspirit.courir.com\\\/fr\\\/#organization\"},\"image\":{\"@id\":\"https:\\\/\\\/sneakerspirit.courir.com\\\/fr\\\/mode-tendance-chapeau-marin-gen-z\\\/#primaryimage\"},\"thumbnailUrl\":\"https:\\\/\\\/sneakerspirit.courir.com\\\/fr\\\/wp-content\\\/uploads\\\/sites\\\/3\\\/2025\\\/11\\\/cover-1-e1764671854182.jpeg\",\"keywords\":[\"Chapeau de marin\",\"Jean-Paul Gaultier\",\"JPG\",\"Marini\u00e8re\",\"Sailor hat\",\"Simone Rocha\"],\"articleSection\":[\"Brands\",\"Fashion\",\"Style\"],\"inLanguage\":\"fr-FR\"},{\"@type\":\"WebPage\",\"@id\":\"https:\\\/\\\/sneakerspirit.courir.com\\\/fr\\\/mode-tendance-chapeau-marin-gen-z\\\/\",\"url\":\"https:\\\/\\\/sneakerspirit.courir.com\\\/fr\\\/mode-tendance-chapeau-marin-gen-z\\\/\",\"name\":\"Chapeau de marin : le nouvel accessoire pr\u00e9f\u00e9r\u00e9 de la Gen Z - Sneaker Spirit\",\"isPartOf\":{\"@id\":\"https:\\\/\\\/sneakerspirit.courir.com\\\/fr\\\/#website\"},\"primaryImageOfPage\":{\"@id\":\"https:\\\/\\\/sneakerspirit.courir.com\\\/fr\\\/mode-tendance-chapeau-marin-gen-z\\\/#primaryimage\"},\"image\":{\"@id\":\"https:\\\/\\\/sneakerspirit.courir.com\\\/fr\\\/mode-tendance-chapeau-marin-gen-z\\\/#primaryimage\"},\"thumbnailUrl\":\"https:\\\/\\\/sneakerspirit.courir.com\\\/fr\\\/wp-content\\\/uploads\\\/sites\\\/3\\\/2025\\\/11\\\/cover-1-e1764671854182.jpeg\",\"datePublished\":\"2025-11-27T07:27:00+00:00\",\"dateModified\":\"2025-12-02T10:37:45+00:00\",\"description\":\"Le chapeau de marin fait son grand retour sur TikTok. D\u00e9couvrez comment la Gen Z r\u00e9invente ce classique iconique de la mode.\",\"breadcrumb\":{\"@id\":\"https:\\\/\\\/sneakerspirit.courir.com\\\/fr\\\/mode-tendance-chapeau-marin-gen-z\\\/#breadcrumb\"},\"inLanguage\":\"fr-FR\",\"potentialAction\":[{\"@type\":\"ReadAction\",\"target\":[\"https:\\\/\\\/sneakerspirit.courir.com\\\/fr\\\/mode-tendance-chapeau-marin-gen-z\\\/\"]}]},{\"@type\":\"ImageObject\",\"inLanguage\":\"fr-FR\",\"@id\":\"https:\\\/\\\/sneakerspirit.courir.com\\\/fr\\\/mode-tendance-chapeau-marin-gen-z\\\/#primaryimage\",\"url\":\"https:\\\/\\\/sneakerspirit.courir.com\\\/fr\\\/wp-content\\\/uploads\\\/sites\\\/3\\\/2025\\\/11\\\/cover-1-e1764671854182.jpeg\",\"contentUrl\":\"https:\\\/\\\/sneakerspirit.courir.com\\\/fr\\\/wp-content\\\/uploads\\\/sites\\\/3\\\/2025\\\/11\\\/cover-1-e1764671854182.jpeg\",\"width\":1120,\"height\":810},{\"@type\":\"BreadcrumbList\",\"@id\":\"https:\\\/\\\/sneakerspirit.courir.com\\\/fr\\\/mode-tendance-chapeau-marin-gen-z\\\/#breadcrumb\",\"itemListElement\":[{\"@type\":\"ListItem\",\"position\":1,\"name\":\"Accueil\",\"item\":\"https:\\\/\\\/sneakerspirit.courir.com\\\/fr\\\/\"},{\"@type\":\"ListItem\",\"position\":2,\"name\":\"Fashion\",\"item\":\"https:\\\/\\\/sneakerspirit.courir.com\\\/fr\\\/category\\\/fashion\\\/\"},{\"@type\":\"ListItem\",\"position\":3,\"name\":\"Chapeau de marin : le nouvel accessoire pr\u00e9f\u00e9r\u00e9 de la Gen Z\"}]},{\"@type\":\"WebSite\",\"@id\":\"https:\\\/\\\/sneakerspirit.courir.com\\\/fr\\\/#website\",\"url\":\"https:\\\/\\\/sneakerspirit.courir.com\\\/fr\\\/\",\"name\":\"Sneaker Spirit\",\"description\":\"Culture Starts Here\",\"publisher\":{\"@id\":\"https:\\\/\\\/sneakerspirit.courir.com\\\/fr\\\/#organization\"},\"potentialAction\":[{\"@type\":\"SearchAction\",\"target\":{\"@type\":\"EntryPoint\",\"urlTemplate\":\"https:\\\/\\\/sneakerspirit.courir.com\\\/fr\\\/?s={search_term_string}\"},\"query-input\":{\"@type\":\"PropertyValueSpecification\",\"valueRequired\":true,\"valueName\":\"search_term_string\"}}],\"inLanguage\":\"fr-FR\"},{\"@type\":\"Organization\",\"@id\":\"https:\\\/\\\/sneakerspirit.courir.com\\\/fr\\\/#organization\",\"name\":\"Sneaker Spirit\",\"url\":\"https:\\\/\\\/sneakerspirit.courir.com\\\/fr\\\/\",\"logo\":{\"@type\":\"ImageObject\",\"inLanguage\":\"fr-FR\",\"@id\":\"https:\\\/\\\/sneakerspirit.courir.com\\\/fr\\\/#\\\/schema\\\/logo\\\/image\\\/\",\"url\":\"https:\\\/\\\/i0.wp.com\\\/sneakerspirit.courir.com\\\/fr\\\/wp-content\\\/uploads\\\/sites\\\/3\\\/2019\\\/10\\\/sneaker-spirit-logo-baseline-v2.png?fit=1200%2C521&ssl=1\",\"contentUrl\":\"https:\\\/\\\/i0.wp.com\\\/sneakerspirit.courir.com\\\/fr\\\/wp-content\\\/uploads\\\/sites\\\/3\\\/2019\\\/10\\\/sneaker-spirit-logo-baseline-v2.png?fit=1200%2C521&ssl=1\",\"width\":1200,\"height\":521,\"caption\":\"Sneaker Spirit\"},\"image\":{\"@id\":\"https:\\\/\\\/sneakerspirit.courir.com\\\/fr\\\/#\\\/schema\\\/logo\\\/image\\\/\"}},{\"@type\":\"Person\",\"@id\":\"https:\\\/\\\/sneakerspirit.courir.com\\\/fr\\\/#\\\/schema\\\/person\\\/30a8cea81093c00e2c875c9b886d7514\",\"name\":\"mina\"}]}<\/script>\n<!-- \/ Yoast SEO plugin. -->","yoast_head_json":{"title":"Chapeau de marin : le nouvel accessoire pr\u00e9f\u00e9r\u00e9 de la Gen Z - Sneaker Spirit","description":"Le chapeau de marin fait son grand retour sur TikTok. D\u00e9couvrez comment la Gen Z r\u00e9invente ce classique iconique de la mode.","robots":{"index":"index","follow":"follow","max-snippet":"max-snippet:-1","max-image-preview":"max-image-preview:large","max-video-preview":"max-video-preview:-1"},"canonical":"https:\/\/sneakerspirit.courir.com\/fr\/mode-tendance-chapeau-marin-gen-z\/","og_locale":"fr_FR","og_type":"article","og_title":"Chapeau de marin : le nouvel accessoire pr\u00e9f\u00e9r\u00e9 de la Gen Z - Sneaker Spirit","og_description":"Le chapeau de marin fait son grand retour sur TikTok. D\u00e9couvrez comment la Gen Z r\u00e9invente ce classique iconique de la mode.","og_url":"https:\/\/sneakerspirit.courir.com\/fr\/mode-tendance-chapeau-marin-gen-z\/","og_site_name":"Sneaker Spirit","article_published_time":"2025-11-27T07:27:00+00:00","article_modified_time":"2025-12-02T10:37:45+00:00","og_image":[{"width":1120,"height":810,"url":"https:\/\/sneakerspirit.courir.com\/fr\/wp-content\/uploads\/sites\/3\/2025\/11\/cover-1-e1764671854182.jpeg","type":"image\/jpeg"}],"author":"mina","twitter_card":"summary_large_image","twitter_misc":{"\u00c9crit par":"mina","Dur\u00e9e de lecture estim\u00e9e":"6 minutes"},"schema":{"@context":"https:\/\/schema.org","@graph":[{"@type":"NewsArticle","@id":"https:\/\/sneakerspirit.courir.com\/fr\/mode-tendance-chapeau-marin-gen-z\/#article","isPartOf":{"@id":"https:\/\/sneakerspirit.courir.com\/fr\/mode-tendance-chapeau-marin-gen-z\/"},"author":{"name":"mina","@id":"https:\/\/sneakerspirit.courir.com\/fr\/#\/schema\/person\/30a8cea81093c00e2c875c9b886d7514"},"headline":"Chapeau de marin : le nouvel accessoire pr\u00e9f\u00e9r\u00e9 de la Gen Z","datePublished":"2025-11-27T07:27:00+00:00","dateModified":"2025-12-02T10:37:45+00:00","mainEntityOfPage":{"@id":"https:\/\/sneakerspirit.courir.com\/fr\/mode-tendance-chapeau-marin-gen-z\/"},"wordCount":786,"publisher":{"@id":"https:\/\/sneakerspirit.courir.com\/fr\/#organization"},"image":{"@id":"https:\/\/sneakerspirit.courir.com\/fr\/mode-tendance-chapeau-marin-gen-z\/#primaryimage"},"thumbnailUrl":"https:\/\/sneakerspirit.courir.com\/fr\/wp-content\/uploads\/sites\/3\/2025\/11\/cover-1-e1764671854182.jpeg","keywords":["Chapeau de marin","Jean-Paul Gaultier","JPG","Marini\u00e8re","Sailor hat","Simone Rocha"],"articleSection":["Brands","Fashion","Style"],"inLanguage":"fr-FR"},{"@type":"WebPage","@id":"https:\/\/sneakerspirit.courir.com\/fr\/mode-tendance-chapeau-marin-gen-z\/","url":"https:\/\/sneakerspirit.courir.com\/fr\/mode-tendance-chapeau-marin-gen-z\/","name":"Chapeau de marin : le nouvel accessoire pr\u00e9f\u00e9r\u00e9 de la Gen Z - Sneaker Spirit","isPartOf":{"@id":"https:\/\/sneakerspirit.courir.com\/fr\/#website"},"primaryImageOfPage":{"@id":"https:\/\/sneakerspirit.courir.com\/fr\/mode-tendance-chapeau-marin-gen-z\/#primaryimage"},"image":{"@id":"https:\/\/sneakerspirit.courir.com\/fr\/mode-tendance-chapeau-marin-gen-z\/#primaryimage"},"thumbnailUrl":"https:\/\/sneakerspirit.courir.com\/fr\/wp-content\/uploads\/sites\/3\/2025\/11\/cover-1-e1764671854182.jpeg","datePublished":"2025-11-27T07:27:00+00:00","dateModified":"2025-12-02T10:37:45+00:00","description":"Le chapeau de marin fait son grand retour sur TikTok. D\u00e9couvrez comment la Gen Z r\u00e9invente ce classique iconique de la mode.","breadcrumb":{"@id":"https:\/\/sneakerspirit.courir.com\/fr\/mode-tendance-chapeau-marin-gen-z\/#breadcrumb"},"inLanguage":"fr-FR","potentialAction":[{"@type":"ReadAction","target":["https:\/\/sneakerspirit.courir.com\/fr\/mode-tendance-chapeau-marin-gen-z\/"]}]},{"@type":"ImageObject","inLanguage":"fr-FR","@id":"https:\/\/sneakerspirit.courir.com\/fr\/mode-tendance-chapeau-marin-gen-z\/#primaryimage","url":"https:\/\/sneakerspirit.courir.com\/fr\/wp-content\/uploads\/sites\/3\/2025\/11\/cover-1-e1764671854182.jpeg","contentUrl":"https:\/\/sneakerspirit.courir.com\/fr\/wp-content\/uploads\/sites\/3\/2025\/11\/cover-1-e1764671854182.jpeg","width":1120,"height":810},{"@type":"BreadcrumbList","@id":"https:\/\/sneakerspirit.courir.com\/fr\/mode-tendance-chapeau-marin-gen-z\/#breadcrumb","itemListElement":[{"@type":"ListItem","position":1,"name":"Accueil","item":"https:\/\/sneakerspirit.courir.com\/fr\/"},{"@type":"ListItem","position":2,"name":"Fashion","item":"https:\/\/sneakerspirit.courir.com\/fr\/category\/fashion\/"},{"@type":"ListItem","position":3,"name":"Chapeau de marin : le nouvel accessoire pr\u00e9f\u00e9r\u00e9 de la Gen Z"}]},{"@type":"WebSite","@id":"https:\/\/sneakerspirit.courir.com\/fr\/#website","url":"https:\/\/sneakerspirit.courir.com\/fr\/","name":"Sneaker Spirit","description":"Culture Starts Here","publisher":{"@id":"https:\/\/sneakerspirit.courir.com\/fr\/#organization"},"potentialAction":[{"@type":"SearchAction","target":{"@type":"EntryPoint","urlTemplate":"https:\/\/sneakerspirit.courir.com\/fr\/?s={search_term_string}"},"query-input":{"@type":"PropertyValueSpecification","valueRequired":true,"valueName":"search_term_string"}}],"inLanguage":"fr-FR"},{"@type":"Organization","@id":"https:\/\/sneakerspirit.courir.com\/fr\/#organization","name":"Sneaker Spirit","url":"https:\/\/sneakerspirit.courir.com\/fr\/","logo":{"@type":"ImageObject","inLanguage":"fr-FR","@id":"https:\/\/sneakerspirit.courir.com\/fr\/#\/schema\/logo\/image\/","url":"https:\/\/i0.wp.com\/sneakerspirit.courir.com\/fr\/wp-content\/uploads\/sites\/3\/2019\/10\/sneaker-spirit-logo-baseline-v2.png?fit=1200%2C521&ssl=1","contentUrl":"https:\/\/i0.wp.com\/sneakerspirit.courir.com\/fr\/wp-content\/uploads\/sites\/3\/2019\/10\/sneaker-spirit-logo-baseline-v2.png?fit=1200%2C521&ssl=1","width":1200,"height":521,"caption":"Sneaker Spirit"},"image":{"@id":"https:\/\/sneakerspirit.courir.com\/fr\/#\/schema\/logo\/image\/"}},{"@type":"Person","@id":"https:\/\/sneakerspirit.courir.com\/fr\/#\/schema\/person\/30a8cea81093c00e2c875c9b886d7514","name":"mina"}]}},"_links":{"self":[{"href":"https:\/\/sneakerspirit.courir.com\/fr\/wp-json\/wp\/v2\/posts\/33525","targetHints":{"allow":["GET"]}}],"collection":[{"href":"https:\/\/sneakerspirit.courir.com\/fr\/wp-json\/wp\/v2\/posts"}],"about":[{"href":"https:\/\/sneakerspirit.courir.com\/fr\/wp-json\/wp\/v2\/types\/post"}],"author":[{"embeddable":true,"href":"https:\/\/sneakerspirit.courir.com\/fr\/wp-json\/wp\/v2\/users\/24"}],"replies":[{"embeddable":true,"href":"https:\/\/sneakerspirit.courir.com\/fr\/wp-json\/wp\/v2\/comments?post=33525"}],"version-history":[{"count":2,"href":"https:\/\/sneakerspirit.courir.com\/fr\/wp-json\/wp\/v2\/posts\/33525\/revisions"}],"predecessor-version":[{"id":33538,"href":"https:\/\/sneakerspirit.courir.com\/fr\/wp-json\/wp\/v2\/posts\/33525\/revisions\/33538"}],"wp:featuredmedia":[{"embeddable":true,"href":"https:\/\/sneakerspirit.courir.com\/fr\/wp-json\/wp\/v2\/media\/33527"}],"wp:attachment":[{"href":"https:\/\/sneakerspirit.courir.com\/fr\/wp-json\/wp\/v2\/media?parent=33525"}],"wp:term":[{"taxonomy":"category","embeddable":true,"href":"https:\/\/sneakerspirit.courir.com\/fr\/wp-json\/wp\/v2\/categories?post=33525"},{"taxonomy":"post_tag","embeddable":true,"href":"https:\/\/sneakerspirit.courir.com\/fr\/wp-json\/wp\/v2\/tags?post=33525"}],"curies":[{"name":"wp","href":"https:\/\/api.w.org\/{rel}","templated":true}]}}