{"id":5123,"date":"2020-07-30T16:22:00","date_gmt":"2020-07-30T14:22:00","guid":{"rendered":"https:\/\/sneakerspirit.courir.com\/fr\/?p=5123"},"modified":"2020-07-30T10:47:03","modified_gmt":"2020-07-30T08:47:03","slug":"la-air-jordan-3-retro-se-debarque-chez-courir","status":"publish","type":"post","link":"https:\/\/sneakerspirit.courir.com\/fr\/la-air-jordan-3-retro-se-debarque-chez-courir\/","title":{"rendered":"La Air Jordan 3 Retro SE d\u00e9barque chez Courir"},"content":{"rendered":"\n<p><strong>D\u00e8s le 8 Ao\u00fbt prochain, le Air Jordan 3 Retro SE fait peau neuve avec une it\u00e9ration particuli\u00e8rement audacieuse. <\/strong><\/p>\n\n\n\n<figure class=\"wp-block-image size-large\"><img loading=\"lazy\" decoding=\"async\" width=\"800\" height=\"450\" src=\"https:\/\/sneakerspirit.courir.com\/fr\/wp-content\/uploads\/sites\/3\/2020\/07\/aj3-retro-denim-800x450-1.jpg\" alt=\"\" class=\"wp-image-5125\" srcset=\"https:\/\/sneakerspirit.courir.com\/fr\/wp-content\/uploads\/sites\/3\/2020\/07\/aj3-retro-denim-800x450-1.jpg 800w, https:\/\/sneakerspirit.courir.com\/fr\/wp-content\/uploads\/sites\/3\/2020\/07\/aj3-retro-denim-800x450-1-300x169.jpg 300w, https:\/\/sneakerspirit.courir.com\/fr\/wp-content\/uploads\/sites\/3\/2020\/07\/aj3-retro-denim-800x450-1-768x432.jpg 768w, https:\/\/sneakerspirit.courir.com\/fr\/wp-content\/uploads\/sites\/3\/2020\/07\/aj3-retro-denim-800x450-1-192x108.jpg 192w, https:\/\/sneakerspirit.courir.com\/fr\/wp-content\/uploads\/sites\/3\/2020\/07\/aj3-retro-denim-800x450-1-384x216.jpg 384w, https:\/\/sneakerspirit.courir.com\/fr\/wp-content\/uploads\/sites\/3\/2020\/07\/aj3-retro-denim-800x450-1-364x205.jpg 364w, https:\/\/sneakerspirit.courir.com\/fr\/wp-content\/uploads\/sites\/3\/2020\/07\/aj3-retro-denim-800x450-1-728x409.jpg 728w, https:\/\/sneakerspirit.courir.com\/fr\/wp-content\/uploads\/sites\/3\/2020\/07\/aj3-retro-denim-800x450-1-561x316.jpg 561w, https:\/\/sneakerspirit.courir.com\/fr\/wp-content\/uploads\/sites\/3\/2020\/07\/aj3-retro-denim-800x450-1-608x342.jpg 608w, https:\/\/sneakerspirit.courir.com\/fr\/wp-content\/uploads\/sites\/3\/2020\/07\/aj3-retro-denim-800x450-1-758x426.jpg 758w, https:\/\/sneakerspirit.courir.com\/fr\/wp-content\/uploads\/sites\/3\/2020\/07\/aj3-retro-denim-800x450-1-85x48.jpg 85w, https:\/\/sneakerspirit.courir.com\/fr\/wp-content\/uploads\/sites\/3\/2020\/07\/aj3-retro-denim-800x450-1-171x96.jpg 171w\" sizes=\"auto, (max-width: 800px) 100vw, 800px\" \/><\/figure>\n\n\n\n<p>Air Jordan 3 Retro \u00abDenim\u00bb est l&rsquo;un des nombreux nouveaux mod\u00e8les Jordan qui a \u00e9t\u00e9 d\u00e9voil\u00e9 dans le cadre de la collection automne 2020 de Jordan Brand. Dans le prolongement du look classique de la AJ3 OG, cette r\u00e9\u00e9dition se pare de panneaux en denim qui reprennent l\u2019embl\u00e9matique imprim\u00e9 \u00e9l\u00e9phant. Avec une tige fabriqu\u00e9e \u00e0 partir de chutes de cuir premium, la silhouette con\u00e7ue par Tinker Hatfield prend des allures haut de gamme. Des accents rouges flamboyants contrastent le blanc immacul\u00e9, tandis que le branding s\u2019invite avec un Jumpman brod\u00e9 sur la languette ou encore avec l\u2019iconique logo Nike Air au talon. Les panneaux en denim sont inspir\u00e9s du denim brut japonais et auront tendance \u00e0 se bonifier avec le temps et l\u2019usure. Des caract\u00e9ristiques all\u00e9chantes pour tout ceux qui auront la chance de mettre la main dessus.<\/p>\n\n\n\n<figure class=\"wp-block-image size-large\"><img loading=\"lazy\" decoding=\"async\" width=\"800\" height=\"450\" src=\"https:\/\/sneakerspirit.courir.com\/fr\/wp-content\/uploads\/sites\/3\/2020\/07\/air-jordan-3-denim-1-800x450-1.jpg\" alt=\"\" class=\"wp-image-5127\" srcset=\"https:\/\/sneakerspirit.courir.com\/fr\/wp-content\/uploads\/sites\/3\/2020\/07\/air-jordan-3-denim-1-800x450-1.jpg 800w, https:\/\/sneakerspirit.courir.com\/fr\/wp-content\/uploads\/sites\/3\/2020\/07\/air-jordan-3-denim-1-800x450-1-300x169.jpg 300w, https:\/\/sneakerspirit.courir.com\/fr\/wp-content\/uploads\/sites\/3\/2020\/07\/air-jordan-3-denim-1-800x450-1-768x432.jpg 768w, https:\/\/sneakerspirit.courir.com\/fr\/wp-content\/uploads\/sites\/3\/2020\/07\/air-jordan-3-denim-1-800x450-1-192x108.jpg 192w, https:\/\/sneakerspirit.courir.com\/fr\/wp-content\/uploads\/sites\/3\/2020\/07\/air-jordan-3-denim-1-800x450-1-384x216.jpg 384w, https:\/\/sneakerspirit.courir.com\/fr\/wp-content\/uploads\/sites\/3\/2020\/07\/air-jordan-3-denim-1-800x450-1-364x205.jpg 364w, https:\/\/sneakerspirit.courir.com\/fr\/wp-content\/uploads\/sites\/3\/2020\/07\/air-jordan-3-denim-1-800x450-1-728x409.jpg 728w, https:\/\/sneakerspirit.courir.com\/fr\/wp-content\/uploads\/sites\/3\/2020\/07\/air-jordan-3-denim-1-800x450-1-561x316.jpg 561w, https:\/\/sneakerspirit.courir.com\/fr\/wp-content\/uploads\/sites\/3\/2020\/07\/air-jordan-3-denim-1-800x450-1-608x342.jpg 608w, https:\/\/sneakerspirit.courir.com\/fr\/wp-content\/uploads\/sites\/3\/2020\/07\/air-jordan-3-denim-1-800x450-1-758x426.jpg 758w, https:\/\/sneakerspirit.courir.com\/fr\/wp-content\/uploads\/sites\/3\/2020\/07\/air-jordan-3-denim-1-800x450-1-85x48.jpg 85w, https:\/\/sneakerspirit.courir.com\/fr\/wp-content\/uploads\/sites\/3\/2020\/07\/air-jordan-3-denim-1-800x450-1-171x96.jpg 171w\" sizes=\"auto, (max-width: 800px) 100vw, 800px\" \/><\/figure>\n\n\n\n<p>La Air Jordan 3 Retro SE sera disponible d\u00e8s le 8 ao\u00fbt chez Courir.<\/p>\n","protected":false},"excerpt":{"rendered":"<p>D\u00e8s le 8 Ao\u00fbt prochain, le Air Jordan 3 Retro SE fait peau neuve avec une it\u00e9ration particuli\u00e8rement audacieuse. Air Jordan 3 Retro \u00abDenim\u00bb est l&rsquo;un des nombreux nouveaux mod\u00e8les Jordan qui a \u00e9t\u00e9 d\u00e9voil\u00e9 dans le cadre de la collection automne 2020 de Jordan Brand. Dans le prolongement du look classique de la AJ3 [&hellip;]<\/p>\n","protected":false},"author":12,"featured_media":5124,"comment_status":"closed","ping_status":"closed","sticky":false,"template":"","format":"standard","meta":{"_et_pb_use_builder":"","_et_pb_old_content":"","_et_gb_content_width":"","footnotes":""},"categories":[4060],"tags":[1692,1693,1694,147,375],"class_list":["post-5123","post","type-post","status-publish","format-standard","has-post-thumbnail","hentry","category-brands","tag-air-jordan-3","tag-air-jordan-3-retro-high-se","tag-aj3","tag-courir","tag-tinker-hatfield","et-has-post-format-content","et_post_format-et-post-format-standard"],"yoast_head":"<!-- This site is optimized with the Yoast SEO plugin v27.3 - https:\/\/yoast.com\/product\/yoast-seo-wordpress\/ -->\n<title>La Air Jordan 3 Retro SE d\u00e9barque chez Courir - Sneaker Spirit<\/title>\n<meta name=\"robots\" content=\"index, follow, max-snippet:-1, max-image-preview:large, max-video-preview:-1\" \/>\n<link rel=\"canonical\" href=\"https:\/\/sneakerspirit.courir.com\/fr\/la-air-jordan-3-retro-se-debarque-chez-courir\/\" \/>\n<meta property=\"og:locale\" content=\"fr_FR\" \/>\n<meta property=\"og:type\" content=\"article\" \/>\n<meta property=\"og:title\" content=\"La Air Jordan 3 Retro SE d\u00e9barque chez Courir - Sneaker Spirit\" \/>\n<meta property=\"og:description\" content=\"D\u00e8s le 8 Ao\u00fbt prochain, le Air Jordan 3 Retro SE fait peau neuve avec une it\u00e9ration particuli\u00e8rement audacieuse. Air Jordan 3 Retro \u00abDenim\u00bb est l&rsquo;un des nombreux nouveaux mod\u00e8les Jordan qui a \u00e9t\u00e9 d\u00e9voil\u00e9 dans le cadre de la collection automne 2020 de Jordan Brand. Dans le prolongement du look classique de la AJ3 [&hellip;]\" \/>\n<meta property=\"og:url\" content=\"https:\/\/sneakerspirit.courir.com\/fr\/la-air-jordan-3-retro-se-debarque-chez-courir\/\" \/>\n<meta property=\"og:site_name\" content=\"Sneaker Spirit\" \/>\n<meta property=\"article:published_time\" content=\"2020-07-30T14:22:00+00:00\" \/>\n<meta property=\"og:image\" content=\"https:\/\/sneakerspirit.courir.com\/fr\/wp-content\/uploads\/sites\/3\/2020\/07\/air-jordan-3-denim-1200x675-1.jpg\" \/>\n\t<meta property=\"og:image:width\" content=\"1200\" \/>\n\t<meta property=\"og:image:height\" content=\"675\" \/>\n\t<meta property=\"og:image:type\" content=\"image\/jpeg\" \/>\n<meta name=\"twitter:card\" content=\"summary_large_image\" \/>\n<meta name=\"twitter:label1\" content=\"\u00c9crit par\" \/>\n\t<meta name=\"twitter:data1\" content=\"\" \/>\n\t<meta name=\"twitter:label2\" content=\"Dur\u00e9e de lecture estim\u00e9e\" \/>\n\t<meta name=\"twitter:data2\" content=\"1 minute\" \/>\n<script type=\"application\/ld+json\" class=\"yoast-schema-graph\">{\"@context\":\"https:\\\/\\\/schema.org\",\"@graph\":[{\"@type\":\"NewsArticle\",\"@id\":\"https:\\\/\\\/sneakerspirit.courir.com\\\/fr\\\/la-air-jordan-3-retro-se-debarque-chez-courir\\\/#article\",\"isPartOf\":{\"@id\":\"https:\\\/\\\/sneakerspirit.courir.com\\\/fr\\\/la-air-jordan-3-retro-se-debarque-chez-courir\\\/\"},\"author\":{\"name\":\"\",\"@id\":\"\"},\"headline\":\"La Air Jordan 3 Retro SE d\u00e9barque chez Courir\",\"datePublished\":\"2020-07-30T14:22:00+00:00\",\"mainEntityOfPage\":{\"@id\":\"https:\\\/\\\/sneakerspirit.courir.com\\\/fr\\\/la-air-jordan-3-retro-se-debarque-chez-courir\\\/\"},\"wordCount\":193,\"publisher\":{\"@id\":\"https:\\\/\\\/sneakerspirit.courir.com\\\/fr\\\/#organization\"},\"image\":{\"@id\":\"https:\\\/\\\/sneakerspirit.courir.com\\\/fr\\\/la-air-jordan-3-retro-se-debarque-chez-courir\\\/#primaryimage\"},\"thumbnailUrl\":\"https:\\\/\\\/sneakerspirit.courir.com\\\/fr\\\/wp-content\\\/uploads\\\/sites\\\/3\\\/2020\\\/07\\\/air-jordan-3-denim-1200x675-1.jpg\",\"keywords\":[\"Air Jordan 3\",\"Air Jordan 3 Retro High SE\",\"AJ3\",\"courir\",\"Tinker Hatfield\"],\"articleSection\":[\"Brands\"],\"inLanguage\":\"fr-FR\"},{\"@type\":\"WebPage\",\"@id\":\"https:\\\/\\\/sneakerspirit.courir.com\\\/fr\\\/la-air-jordan-3-retro-se-debarque-chez-courir\\\/\",\"url\":\"https:\\\/\\\/sneakerspirit.courir.com\\\/fr\\\/la-air-jordan-3-retro-se-debarque-chez-courir\\\/\",\"name\":\"La Air Jordan 3 Retro SE d\u00e9barque chez Courir - Sneaker Spirit\",\"isPartOf\":{\"@id\":\"https:\\\/\\\/sneakerspirit.courir.com\\\/fr\\\/#website\"},\"primaryImageOfPage\":{\"@id\":\"https:\\\/\\\/sneakerspirit.courir.com\\\/fr\\\/la-air-jordan-3-retro-se-debarque-chez-courir\\\/#primaryimage\"},\"image\":{\"@id\":\"https:\\\/\\\/sneakerspirit.courir.com\\\/fr\\\/la-air-jordan-3-retro-se-debarque-chez-courir\\\/#primaryimage\"},\"thumbnailUrl\":\"https:\\\/\\\/sneakerspirit.courir.com\\\/fr\\\/wp-content\\\/uploads\\\/sites\\\/3\\\/2020\\\/07\\\/air-jordan-3-denim-1200x675-1.jpg\",\"datePublished\":\"2020-07-30T14:22:00+00:00\",\"breadcrumb\":{\"@id\":\"https:\\\/\\\/sneakerspirit.courir.com\\\/fr\\\/la-air-jordan-3-retro-se-debarque-chez-courir\\\/#breadcrumb\"},\"inLanguage\":\"fr-FR\",\"potentialAction\":[{\"@type\":\"ReadAction\",\"target\":[\"https:\\\/\\\/sneakerspirit.courir.com\\\/fr\\\/la-air-jordan-3-retro-se-debarque-chez-courir\\\/\"]}]},{\"@type\":\"ImageObject\",\"inLanguage\":\"fr-FR\",\"@id\":\"https:\\\/\\\/sneakerspirit.courir.com\\\/fr\\\/la-air-jordan-3-retro-se-debarque-chez-courir\\\/#primaryimage\",\"url\":\"https:\\\/\\\/sneakerspirit.courir.com\\\/fr\\\/wp-content\\\/uploads\\\/sites\\\/3\\\/2020\\\/07\\\/air-jordan-3-denim-1200x675-1.jpg\",\"contentUrl\":\"https:\\\/\\\/sneakerspirit.courir.com\\\/fr\\\/wp-content\\\/uploads\\\/sites\\\/3\\\/2020\\\/07\\\/air-jordan-3-denim-1200x675-1.jpg\",\"width\":1200,\"height\":675,\"caption\":\"air jordan 3 denim 1200x675 1\"},{\"@type\":\"BreadcrumbList\",\"@id\":\"https:\\\/\\\/sneakerspirit.courir.com\\\/fr\\\/la-air-jordan-3-retro-se-debarque-chez-courir\\\/#breadcrumb\",\"itemListElement\":[{\"@type\":\"ListItem\",\"position\":1,\"name\":\"Accueil\",\"item\":\"https:\\\/\\\/sneakerspirit.courir.com\\\/fr\\\/\"},{\"@type\":\"ListItem\",\"position\":2,\"name\":\"Fashion\",\"item\":\"https:\\\/\\\/sneakerspirit.courir.com\\\/fr\\\/category\\\/fashion\\\/\"},{\"@type\":\"ListItem\",\"position\":3,\"name\":\"Brands\",\"item\":\"https:\\\/\\\/sneakerspirit.courir.com\\\/fr\\\/category\\\/fashion\\\/brands\\\/\"},{\"@type\":\"ListItem\",\"position\":4,\"name\":\"La Air Jordan 3 Retro SE d\u00e9barque chez Courir\"}]},{\"@type\":\"WebSite\",\"@id\":\"https:\\\/\\\/sneakerspirit.courir.com\\\/fr\\\/#website\",\"url\":\"https:\\\/\\\/sneakerspirit.courir.com\\\/fr\\\/\",\"name\":\"Sneaker Spirit\",\"description\":\"Culture Starts Here\",\"publisher\":{\"@id\":\"https:\\\/\\\/sneakerspirit.courir.com\\\/fr\\\/#organization\"},\"potentialAction\":[{\"@type\":\"SearchAction\",\"target\":{\"@type\":\"EntryPoint\",\"urlTemplate\":\"https:\\\/\\\/sneakerspirit.courir.com\\\/fr\\\/?s={search_term_string}\"},\"query-input\":{\"@type\":\"PropertyValueSpecification\",\"valueRequired\":true,\"valueName\":\"search_term_string\"}}],\"inLanguage\":\"fr-FR\"},{\"@type\":\"Organization\",\"@id\":\"https:\\\/\\\/sneakerspirit.courir.com\\\/fr\\\/#organization\",\"name\":\"Sneaker Spirit\",\"url\":\"https:\\\/\\\/sneakerspirit.courir.com\\\/fr\\\/\",\"logo\":{\"@type\":\"ImageObject\",\"inLanguage\":\"fr-FR\",\"@id\":\"https:\\\/\\\/sneakerspirit.courir.com\\\/fr\\\/#\\\/schema\\\/logo\\\/image\\\/\",\"url\":\"https:\\\/\\\/i0.wp.com\\\/sneakerspirit.courir.com\\\/fr\\\/wp-content\\\/uploads\\\/sites\\\/3\\\/2019\\\/10\\\/sneaker-spirit-logo-baseline-v2.png?fit=1200%2C521&ssl=1\",\"contentUrl\":\"https:\\\/\\\/i0.wp.com\\\/sneakerspirit.courir.com\\\/fr\\\/wp-content\\\/uploads\\\/sites\\\/3\\\/2019\\\/10\\\/sneaker-spirit-logo-baseline-v2.png?fit=1200%2C521&ssl=1\",\"width\":1200,\"height\":521,\"caption\":\"Sneaker Spirit\"},\"image\":{\"@id\":\"https:\\\/\\\/sneakerspirit.courir.com\\\/fr\\\/#\\\/schema\\\/logo\\\/image\\\/\"}},{\"@type\":\"Person\",\"@id\":\"\"}]}<\/script>\n<!-- \/ Yoast SEO plugin. -->","yoast_head_json":{"title":"La Air Jordan 3 Retro SE d\u00e9barque chez Courir - Sneaker Spirit","robots":{"index":"index","follow":"follow","max-snippet":"max-snippet:-1","max-image-preview":"max-image-preview:large","max-video-preview":"max-video-preview:-1"},"canonical":"https:\/\/sneakerspirit.courir.com\/fr\/la-air-jordan-3-retro-se-debarque-chez-courir\/","og_locale":"fr_FR","og_type":"article","og_title":"La Air Jordan 3 Retro SE d\u00e9barque chez Courir - Sneaker Spirit","og_description":"D\u00e8s le 8 Ao\u00fbt prochain, le Air Jordan 3 Retro SE fait peau neuve avec une it\u00e9ration particuli\u00e8rement audacieuse. Air Jordan 3 Retro \u00abDenim\u00bb est l&rsquo;un des nombreux nouveaux mod\u00e8les Jordan qui a \u00e9t\u00e9 d\u00e9voil\u00e9 dans le cadre de la collection automne 2020 de Jordan Brand. Dans le prolongement du look classique de la AJ3 [&hellip;]","og_url":"https:\/\/sneakerspirit.courir.com\/fr\/la-air-jordan-3-retro-se-debarque-chez-courir\/","og_site_name":"Sneaker Spirit","article_published_time":"2020-07-30T14:22:00+00:00","og_image":[{"width":1200,"height":675,"url":"https:\/\/sneakerspirit.courir.com\/fr\/wp-content\/uploads\/sites\/3\/2020\/07\/air-jordan-3-denim-1200x675-1.jpg","type":"image\/jpeg"}],"twitter_card":"summary_large_image","twitter_misc":{"\u00c9crit par":"","Dur\u00e9e de lecture estim\u00e9e":"1 minute"},"schema":{"@context":"https:\/\/schema.org","@graph":[{"@type":"NewsArticle","@id":"https:\/\/sneakerspirit.courir.com\/fr\/la-air-jordan-3-retro-se-debarque-chez-courir\/#article","isPartOf":{"@id":"https:\/\/sneakerspirit.courir.com\/fr\/la-air-jordan-3-retro-se-debarque-chez-courir\/"},"author":{"name":"","@id":""},"headline":"La Air Jordan 3 Retro SE d\u00e9barque chez Courir","datePublished":"2020-07-30T14:22:00+00:00","mainEntityOfPage":{"@id":"https:\/\/sneakerspirit.courir.com\/fr\/la-air-jordan-3-retro-se-debarque-chez-courir\/"},"wordCount":193,"publisher":{"@id":"https:\/\/sneakerspirit.courir.com\/fr\/#organization"},"image":{"@id":"https:\/\/sneakerspirit.courir.com\/fr\/la-air-jordan-3-retro-se-debarque-chez-courir\/#primaryimage"},"thumbnailUrl":"https:\/\/sneakerspirit.courir.com\/fr\/wp-content\/uploads\/sites\/3\/2020\/07\/air-jordan-3-denim-1200x675-1.jpg","keywords":["Air Jordan 3","Air Jordan 3 Retro High SE","AJ3","courir","Tinker Hatfield"],"articleSection":["Brands"],"inLanguage":"fr-FR"},{"@type":"WebPage","@id":"https:\/\/sneakerspirit.courir.com\/fr\/la-air-jordan-3-retro-se-debarque-chez-courir\/","url":"https:\/\/sneakerspirit.courir.com\/fr\/la-air-jordan-3-retro-se-debarque-chez-courir\/","name":"La Air Jordan 3 Retro SE d\u00e9barque chez Courir - Sneaker Spirit","isPartOf":{"@id":"https:\/\/sneakerspirit.courir.com\/fr\/#website"},"primaryImageOfPage":{"@id":"https:\/\/sneakerspirit.courir.com\/fr\/la-air-jordan-3-retro-se-debarque-chez-courir\/#primaryimage"},"image":{"@id":"https:\/\/sneakerspirit.courir.com\/fr\/la-air-jordan-3-retro-se-debarque-chez-courir\/#primaryimage"},"thumbnailUrl":"https:\/\/sneakerspirit.courir.com\/fr\/wp-content\/uploads\/sites\/3\/2020\/07\/air-jordan-3-denim-1200x675-1.jpg","datePublished":"2020-07-30T14:22:00+00:00","breadcrumb":{"@id":"https:\/\/sneakerspirit.courir.com\/fr\/la-air-jordan-3-retro-se-debarque-chez-courir\/#breadcrumb"},"inLanguage":"fr-FR","potentialAction":[{"@type":"ReadAction","target":["https:\/\/sneakerspirit.courir.com\/fr\/la-air-jordan-3-retro-se-debarque-chez-courir\/"]}]},{"@type":"ImageObject","inLanguage":"fr-FR","@id":"https:\/\/sneakerspirit.courir.com\/fr\/la-air-jordan-3-retro-se-debarque-chez-courir\/#primaryimage","url":"https:\/\/sneakerspirit.courir.com\/fr\/wp-content\/uploads\/sites\/3\/2020\/07\/air-jordan-3-denim-1200x675-1.jpg","contentUrl":"https:\/\/sneakerspirit.courir.com\/fr\/wp-content\/uploads\/sites\/3\/2020\/07\/air-jordan-3-denim-1200x675-1.jpg","width":1200,"height":675,"caption":"air jordan 3 denim 1200x675 1"},{"@type":"BreadcrumbList","@id":"https:\/\/sneakerspirit.courir.com\/fr\/la-air-jordan-3-retro-se-debarque-chez-courir\/#breadcrumb","itemListElement":[{"@type":"ListItem","position":1,"name":"Accueil","item":"https:\/\/sneakerspirit.courir.com\/fr\/"},{"@type":"ListItem","position":2,"name":"Fashion","item":"https:\/\/sneakerspirit.courir.com\/fr\/category\/fashion\/"},{"@type":"ListItem","position":3,"name":"Brands","item":"https:\/\/sneakerspirit.courir.com\/fr\/category\/fashion\/brands\/"},{"@type":"ListItem","position":4,"name":"La Air Jordan 3 Retro SE d\u00e9barque chez Courir"}]},{"@type":"WebSite","@id":"https:\/\/sneakerspirit.courir.com\/fr\/#website","url":"https:\/\/sneakerspirit.courir.com\/fr\/","name":"Sneaker Spirit","description":"Culture Starts Here","publisher":{"@id":"https:\/\/sneakerspirit.courir.com\/fr\/#organization"},"potentialAction":[{"@type":"SearchAction","target":{"@type":"EntryPoint","urlTemplate":"https:\/\/sneakerspirit.courir.com\/fr\/?s={search_term_string}"},"query-input":{"@type":"PropertyValueSpecification","valueRequired":true,"valueName":"search_term_string"}}],"inLanguage":"fr-FR"},{"@type":"Organization","@id":"https:\/\/sneakerspirit.courir.com\/fr\/#organization","name":"Sneaker Spirit","url":"https:\/\/sneakerspirit.courir.com\/fr\/","logo":{"@type":"ImageObject","inLanguage":"fr-FR","@id":"https:\/\/sneakerspirit.courir.com\/fr\/#\/schema\/logo\/image\/","url":"https:\/\/i0.wp.com\/sneakerspirit.courir.com\/fr\/wp-content\/uploads\/sites\/3\/2019\/10\/sneaker-spirit-logo-baseline-v2.png?fit=1200%2C521&ssl=1","contentUrl":"https:\/\/i0.wp.com\/sneakerspirit.courir.com\/fr\/wp-content\/uploads\/sites\/3\/2019\/10\/sneaker-spirit-logo-baseline-v2.png?fit=1200%2C521&ssl=1","width":1200,"height":521,"caption":"Sneaker Spirit"},"image":{"@id":"https:\/\/sneakerspirit.courir.com\/fr\/#\/schema\/logo\/image\/"}},{"@type":"Person","@id":""}]}},"_links":{"self":[{"href":"https:\/\/sneakerspirit.courir.com\/fr\/wp-json\/wp\/v2\/posts\/5123","targetHints":{"allow":["GET"]}}],"collection":[{"href":"https:\/\/sneakerspirit.courir.com\/fr\/wp-json\/wp\/v2\/posts"}],"about":[{"href":"https:\/\/sneakerspirit.courir.com\/fr\/wp-json\/wp\/v2\/types\/post"}],"author":[{"embeddable":true,"href":"https:\/\/sneakerspirit.courir.com\/fr\/wp-json\/wp\/v2\/users\/12"}],"replies":[{"embeddable":true,"href":"https:\/\/sneakerspirit.courir.com\/fr\/wp-json\/wp\/v2\/comments?post=5123"}],"version-history":[{"count":3,"href":"https:\/\/sneakerspirit.courir.com\/fr\/wp-json\/wp\/v2\/posts\/5123\/revisions"}],"predecessor-version":[{"id":5129,"href":"https:\/\/sneakerspirit.courir.com\/fr\/wp-json\/wp\/v2\/posts\/5123\/revisions\/5129"}],"wp:featuredmedia":[{"embeddable":true,"href":"https:\/\/sneakerspirit.courir.com\/fr\/wp-json\/wp\/v2\/media\/5124"}],"wp:attachment":[{"href":"https:\/\/sneakerspirit.courir.com\/fr\/wp-json\/wp\/v2\/media?parent=5123"}],"wp:term":[{"taxonomy":"category","embeddable":true,"href":"https:\/\/sneakerspirit.courir.com\/fr\/wp-json\/wp\/v2\/categories?post=5123"},{"taxonomy":"post_tag","embeddable":true,"href":"https:\/\/sneakerspirit.courir.com\/fr\/wp-json\/wp\/v2\/tags?post=5123"}],"curies":[{"name":"wp","href":"https:\/\/api.w.org\/{rel}","templated":true}]}}